{"id":53697,"date":"2025-10-16T21:47:53","date_gmt":"2025-10-17T00:47:53","guid":{"rendered":"https:\/\/actualizateiguazu.com\/v3\/?p=53697"},"modified":"2025-10-16T21:48:18","modified_gmt":"2025-10-17T00:48:18","slug":"obra-de-teatro-perto-do-fogo-estrena-en-foz-do-iguacu-con-entradas-gratuitas","status":"publish","type":"post","link":"https:\/\/actualizateiguazu.com\/v3\/2025\/10\/16\/obra-de-teatro-perto-do-fogo-estrena-en-foz-do-iguacu-con-entradas-gratuitas\/","title":{"rendered":"Obra de teatro \u201cPerto do fogo\u201d estrena en Foz do Igua\u00e7u con entradas gratuitas"},"content":{"rendered":"<p>El espect\u00e1culo pone en foco a la emergencia clim\u00e1tica. La obra invita al p\u00fablico a reflexionar sobre las memorias ancestrales y sobre la energ\u00eda de creaci\u00f3n y destrucci\u00f3n que el fuego ejerce sobre nosotros<\/p>\n<p>En una tierra que ya fue santuario de mastodontes hay artistas que evocan a ancianas criaturas para presenciar la extinci\u00f3n de la humanidad. Entre prefiguraciones ecopo\u00e9ticas y saberes ancestrales, el espect\u00e1culo Perto do Fogo entrelaza mito y realidad en la era de la emergencia clim\u00e1tica. En esta traves\u00eda, en la que humanos y m\u00e1s-que-humanos son guiados por la canoa-cobra, donde se encuentran el final y el recomienzo. Un teatro de monte en el monte. Un teatro hecho en el monte \u2014 un rito de escucha y reconexi\u00f3n en el Antropoceno.<\/p>\n<p>La emergencia clim\u00e1tica en curso no respeta fronteras disciplinares, pol\u00edticas o culturales. Frente a eso, \u00bfqu\u00e9 puede el arte? \u00bfC\u00f3mo imaginar colectivamente otros modelos de vida? \u00bfC\u00f3mo renunciar al modelo extractivista de explotaci\u00f3n del planeta? \u00bfQu\u00e9 es necesario reavivar para seguir viviendo? Estas preguntas guiaron el proceso de creaci\u00f3n del espect\u00e1culo Perto do Fogo, del colectivo Po\u00e9ticas do ENTRE, que se estrena el 24 de octubre en la ciudad de Foz do Igua\u00e7u.<\/p>\n<p>Presentado al aire libre, en un bosque del barrio Vila A, la obra invita al p\u00fablico a reflexionar sobre las memorias ancestrales y sobre la energ\u00eda de creaci\u00f3n y destrucci\u00f3n que el fuego ejerce sobre nosotros. Para los directores del espect\u00e1culo, Angi Lazzareti y Fabio Salvatti, \u201cPerto do Fogo\u00bb es un rito de escucha y de reconexi\u00f3n. La experiencia de inmersi\u00f3n teatral es una invitaci\u00f3n a evaluar los efectos que nuestras acciones tienen sobre el planeta y sobre la continuidad de nuestra existencia como especie\u201d.<\/p>\n<p>La obra re\u00fane profesionales de diferentes nacionalidades. Act\u00faan los performers Agatha Batista, Cabocla Jo\u00e3o, Dalton Hadd, Guadalupe Anaya, Jhony Le\u00f3n, Karen Gim\u00e9nez, Miguel Molina, Nataly Mora Rios, Sueli Crespa, Tati Bafo, Zary Wong, adem\u00e1s de m\u00e1s de 20 profesionales en los bastidores. Las presentaciones se realizar\u00e1n en dos fines de semana: 24, 25, 26 y 31 de octubre, y 1 y 2 de noviembre. La entrada es gratuita y debe reservarse por WhatsApp al +55 45 99838-6975. El lugar de las presentaciones ser\u00e1 informado despu\u00e9s de la reserva, ya que la direcci\u00f3n no se divulgar\u00e1 p\u00fablicamente por respeto al l\u00edmite de personas permitido en la zona del bosque.<\/p>\n<p>SERVICIO<\/p>\n<p>Espect\u00e1culo Teatral \u201cPerto do Fogo\u201d<\/p>\n<p>\ud83d\udcc5 Fechas: 24, 25, 26 y 31 de octubre \u2013 1 y 2 de noviembre<\/p>\n<p>\ud83d\udd60 Hora: 17h30<\/p>\n<p>\ud83c\udf9f\ufe0f Entrada gratuita con reserva por WhatsApp: +55 45 99838-6975<\/p>\n<p>\ud83d\udccd El lugar ser\u00e1 informado a quienes realicen la reserva<\/p>\n<p>\ud83d\udc64 Clasificaci\u00f3n: a partir de 12 a\u00f1os<\/p>\n<p>\ud83d\udcac D\u00edas 26\/10 y 02\/11: funci\u00f3n con interpretaci\u00f3n en Lengua de Se\u00f1as Brasile\u00f1a (Libras) y debate posterior al espect\u00e1culo.<\/p>\n<p>&nbsp;<\/p>\n<p>Proyecto aprobado por la Secretaria de Estado de Cultura del Gobierno de Paran\u00e1, con recursos de la Pol\u00edtica Nacional Aldir Blanc de Fomento \u00e0 Cultura, Ministerio de Cultura del Gobierno Federal de Brasil.<\/p>\n","protected":false},"excerpt":{"rendered":"<p>El espect\u00e1culo pone en foco a la emergencia clim\u00e1tica. La obra invita al p\u00fablico a<\/p>\n","protected":false},"author":1,"featured_media":53698,"comment_status":"closed","ping_status":"open","sticky":false,"template":"","format":"standard","meta":{"footnotes":""},"categories":[1,222,233],"tags":[],"class_list":["post-53697","post","type-post","status-publish","format-standard","has-post-thumbnail","hentry","category-actualidad","category-cultura","category-triple-frontera"],"_links":{"self":[{"href":"https:\/\/actualizateiguazu.com\/v3\/wp-json\/wp\/v2\/posts\/53697","targetHints":{"allow":["GET"]}}],"collection":[{"href":"https:\/\/actualizateiguazu.com\/v3\/wp-json\/wp\/v2\/posts"}],"about":[{"href":"https:\/\/actualizateiguazu.com\/v3\/wp-json\/wp\/v2\/types\/post"}],"author":[{"embeddable":true,"href":"https:\/\/actualizateiguazu.com\/v3\/wp-json\/wp\/v2\/users\/1"}],"replies":[{"embeddable":true,"href":"https:\/\/actualizateiguazu.com\/v3\/wp-json\/wp\/v2\/comments?post=53697"}],"version-history":[{"count":2,"href":"https:\/\/actualizateiguazu.com\/v3\/wp-json\/wp\/v2\/posts\/53697\/revisions"}],"predecessor-version":[{"id":53700,"href":"https:\/\/actualizateiguazu.com\/v3\/wp-json\/wp\/v2\/posts\/53697\/revisions\/53700"}],"wp:featuredmedia":[{"embeddable":true,"href":"https:\/\/actualizateiguazu.com\/v3\/wp-json\/wp\/v2\/media\/53698"}],"wp:attachment":[{"href":"https:\/\/actualizateiguazu.com\/v3\/wp-json\/wp\/v2\/media?parent=53697"}],"wp:term":[{"taxonomy":"category","embeddable":true,"href":"https:\/\/actualizateiguazu.com\/v3\/wp-json\/wp\/v2\/categories?post=53697"},{"taxonomy":"post_tag","embeddable":true,"href":"https:\/\/actualizateiguazu.com\/v3\/wp-json\/wp\/v2\/tags?post=53697"}],"curies":[{"name":"wp","href":"https:\/\/api.w.org\/{rel}","templated":true}]}}