{"id":53722,"date":"2025-10-18T18:55:01","date_gmt":"2025-10-18T21:55:01","guid":{"rendered":"https:\/\/actualizateiguazu.com\/v3\/?p=53722"},"modified":"2025-10-18T18:55:01","modified_gmt":"2025-10-18T21:55:01","slug":"buscan-a-un-joven-colombiano-que-estaba-de-visita-en-foz-do-iguazu-y-desaparecio","status":"publish","type":"post","link":"https:\/\/actualizateiguazu.com\/v3\/2025\/10\/18\/buscan-a-un-joven-colombiano-que-estaba-de-visita-en-foz-do-iguazu-y-desaparecio\/","title":{"rendered":"Buscan a un joven colombiano que estaba de visita en Foz do Iguaz\u00fa y desapareci\u00f3"},"content":{"rendered":"<p>Seg\u00fan detalla la denuncia, Iverth Samuel Bonilla Arias se ausento del domicilio donde estaba alojado en barrio Vila C Nova al mediod\u00eda del lunes, no regresando hasta el momento.<\/p>\n<p>La familia de Iverth Samuel Bonilla Arias, un joven colombiano de 22 a\u00f1os, busca dar con el paradero del joven desde el pasado lunes 13 de octubre, cuando desapareci\u00f3 en la ciudad brasile\u00f1a de Foz de Iguaz\u00fa, en el estado de Paran\u00e1. Su madre arribo desde Colombia el jueves para pedir que se intensifiquen las b\u00fasquedas. No se descarta que se haya desplazado a Puerto Iguaz\u00fa o a Ciudad del Este<\/p>\n<p>Seg\u00fan consta en la denuncia Samuel sali\u00f3 de la casa donde se hospedaba, en el barrio Vila C Nova, alrededor del mediod\u00eda, y no regres\u00f3. Sus allegados no conoce bien la ciudad y al momento de desaparecer no llevaba su celular ni documentos personales, lo \u00a0a\u00fan m\u00e1s la situaci\u00f3n.<\/p>\n<p>solicitan colaboraci\u00f3n para difundir el caso y brindar cualquier informaci\u00f3n \u00fatil que pueda ayudar a dar con su paradero. La preocupaci\u00f3n crece ante la posibilidad de que el joven haya cruzado, voluntaria o involuntariamente, hacia Paraguay o Argentina, dado que Foz de Iguaz\u00fa se encuentra en una regi\u00f3n de frontera activa, con alto movimiento migratorio y tur\u00edstico.<\/p>\n<p>Cualquier informaci\u00f3n sobre Samuel puede ser enviada al siguiente n\u00famero de contacto +57 317 6827124<\/p>\n","protected":false},"excerpt":{"rendered":"<p>Seg\u00fan detalla la denuncia, Iverth Samuel Bonilla Arias se ausento del domicilio donde estaba alojado<\/p>\n","protected":false},"author":1,"featured_media":53723,"comment_status":"closed","ping_status":"open","sticky":false,"template":"","format":"standard","meta":{"footnotes":""},"categories":[1,226,233],"tags":[],"class_list":["post-53722","post","type-post","status-publish","format-standard","has-post-thumbnail","hentry","category-actualidad","category-locales","category-triple-frontera"],"_links":{"self":[{"href":"https:\/\/actualizateiguazu.com\/v3\/wp-json\/wp\/v2\/posts\/53722","targetHints":{"allow":["GET"]}}],"collection":[{"href":"https:\/\/actualizateiguazu.com\/v3\/wp-json\/wp\/v2\/posts"}],"about":[{"href":"https:\/\/actualizateiguazu.com\/v3\/wp-json\/wp\/v2\/types\/post"}],"author":[{"embeddable":true,"href":"https:\/\/actualizateiguazu.com\/v3\/wp-json\/wp\/v2\/users\/1"}],"replies":[{"embeddable":true,"href":"https:\/\/actualizateiguazu.com\/v3\/wp-json\/wp\/v2\/comments?post=53722"}],"version-history":[{"count":1,"href":"https:\/\/actualizateiguazu.com\/v3\/wp-json\/wp\/v2\/posts\/53722\/revisions"}],"predecessor-version":[{"id":53724,"href":"https:\/\/actualizateiguazu.com\/v3\/wp-json\/wp\/v2\/posts\/53722\/revisions\/53724"}],"wp:featuredmedia":[{"embeddable":true,"href":"https:\/\/actualizateiguazu.com\/v3\/wp-json\/wp\/v2\/media\/53723"}],"wp:attachment":[{"href":"https:\/\/actualizateiguazu.com\/v3\/wp-json\/wp\/v2\/media?parent=53722"}],"wp:term":[{"taxonomy":"category","embeddable":true,"href":"https:\/\/actualizateiguazu.com\/v3\/wp-json\/wp\/v2\/categories?post=53722"},{"taxonomy":"post_tag","embeddable":true,"href":"https:\/\/actualizateiguazu.com\/v3\/wp-json\/wp\/v2\/tags?post=53722"}],"curies":[{"name":"wp","href":"https:\/\/api.w.org\/{rel}","templated":true}]}}