{"id":53729,"date":"2025-10-20T15:48:58","date_gmt":"2025-10-20T18:48:58","guid":{"rendered":"https:\/\/actualizateiguazu.com\/v3\/?p=53729"},"modified":"2025-10-20T15:48:58","modified_gmt":"2025-10-20T18:48:58","slug":"padilla-vemos-un-incremento-muy-fuerte-en-el-consumo-de-cocaina-en-la-zona-norte","status":"publish","type":"post","link":"https:\/\/actualizateiguazu.com\/v3\/2025\/10\/20\/padilla-vemos-un-incremento-muy-fuerte-en-el-consumo-de-cocaina-en-la-zona-norte\/","title":{"rendered":"Padilla: \u00abVemos un incremento muy fuerte en el consumo de coca\u00edna en la zona Norte\u00bb"},"content":{"rendered":"<p>El ministro de Prevenci\u00f3n de Adicciones de Misiones reflexion\u00f3 sobre el informe elaborado por el Centro Provincial de Prevenci\u00f3n y Asistencia Integral para el Control de las Adicciones. \u201cLos n\u00fameros demuestran que sigue siendo la coca\u00edna la principal sustancia como motivo de demanda de atenci\u00f3n\u00bb se\u00f1al\u00f3<\/p>\n<p>El ministro de Prevenci\u00f3n de Adicciones de Misiones, Roberto Padilla, se refiri\u00f3 al informe elaborado por el Centro Provincial de Prevenci\u00f3n y Asistencia Integral para el Control de las Adicciones que revela un fuerte incremento en el consumo de coca\u00edna. Padilla destac\u00f3 que entre mayo y septiembre se atendieron 6.745 situaciones relacionadas con adicciones, con fluctuaciones mensuales: \u201cEn mayo un n\u00famero de consulta de 1.604 atenciones, en junio una baja con 1.456, pero nuevamente en julio y agosto se volvi\u00f3 a mostrar un incremento con 1.825 y 1.860 atenciones\u201d, describi\u00f3 en di\u00e1logo con Ac\u00e1 te lo Contamos por Radioactiva 100.7<\/p>\n<p>El ministro enfatiz\u00f3 la importancia del trabajo territorial para la b\u00fasqueda de ayuda: \u201cCreo que la b\u00fasqueda de la ayuda se da por el trabajo que se viene haciendo desde lo territorial, con la sensibilizaci\u00f3n, con la capacitaci\u00f3n y ofreciendo sobre todas las cosas dispositivos que van apareciendo y vamos abriendo en distintos puntos de la provincia\u201d.<\/p>\n<p>Respecto a las sustancias m\u00e1s demandadas, Padilla se\u00f1al\u00f3: \u201cEstos n\u00fameros demuestran que sigue siendo la coca\u00edna la principal sustancia como motivo de demanda de atenci\u00f3n. Despu\u00e9s el alcohol, le sigue la marihuana.\u201d Tambi\u00e9n mencion\u00f3 una preocupante naturalizaci\u00f3n del consumo de coca\u00edna similar a la del alcohol y la marihuana: \u201cLa coca\u00edna tiene una naturalizaci\u00f3n, es decir, est\u00e1 empezando a aparecer de un consumo social como pasa con la marihuana y como tambi\u00e9n pasa con el alcohol.\u201d<\/p>\n<p>Sobre el aumento en la Zona Norte, afirm\u00f3: \u201cVemos un incremento muy fuerte en el consumo de coca\u00edna, ya lo hab\u00edamos manifestado en su momento, con todo lo que es la pedra, algo que hab\u00eda empezado a ingresar y que no ten\u00eda tanta fuerza, pero hoy lastimosamente es uno de los mayores consumos que se produce en la Zona Norte.\u201d Aclar\u00f3 que la coca\u00edna ahora se posiciona como el principal motivo de consulta en los centros de atenci\u00f3n.<\/p>\n<p>Padilla reflexion\u00f3 sobre la paradoja entre drogas legales e ilegales: \u201cLo que a m\u00ed me sorprende es que hablamos de drogas legales y drogas ilegales en todo caso, el alcohol que es permitido, que lo consegu\u00eds en cualquier almac\u00e9n, que siempre estuvo primero en el ranking, dicho sea de paso, y la coca\u00edna que no es legal.\u201d<\/p>\n<p>Adem\u00e1s, valor\u00f3 el compromiso de las fuerzas de seguridad: \u201cQuiero rescatar el trabajo que vienen haciendo tanto las fuerzas federales como las fuerzas provinciales, porque muchas veces, en nuestro caso, que salimos al interior principalmente cuando capacitamos y cuando trabajamos en la sensibilizaci\u00f3n, en la escuela, en los distintos \u00e1mbitos, la gente siempre plantea acerca de los puntos de venta, el narcomenudeo, y obviamente que hay un fuerte trabajo que se viene haciendo.\u201d<\/p>\n<p>Finalmente, subray\u00f3 la importancia de la prevenci\u00f3n temprana y los desaf\u00edos sociales que enfrenta la juventud: \u201cEl gran desaf\u00edo que tenemos de trabajar, por eso decimos que la prevenci\u00f3n hay que arrancar lo m\u00e1s antes posible, desde el nivel inicial, trabajar con la familia, trabajar con los niveles primarios, secundarios, pero tambi\u00e9n entendemos que todo el contexto que estamos viviendo a veces no facilita y no favorece para que los j\u00f3venes encuentren una salida laboral r\u00e1pida, que encuentren un proyecto de vida, entonces esa franja es la que est\u00e1 m\u00e1s expuesta al consumo, y obviamente que ya no van por el alcohol o la marihuana, sino que directamente van por la coca\u00edna.\u201d<\/p>\n<p>Fuente: El Territorio<\/p>\n","protected":false},"excerpt":{"rendered":"<p>El ministro de Prevenci\u00f3n de Adicciones de Misiones reflexion\u00f3 sobre el informe elaborado por el<\/p>\n","protected":false},"author":1,"featured_media":53730,"comment_status":"closed","ping_status":"open","sticky":false,"template":"","format":"standard","meta":{"footnotes":""},"categories":[1,226],"tags":[],"class_list":["post-53729","post","type-post","status-publish","format-standard","has-post-thumbnail","hentry","category-actualidad","category-locales"],"_links":{"self":[{"href":"https:\/\/actualizateiguazu.com\/v3\/wp-json\/wp\/v2\/posts\/53729","targetHints":{"allow":["GET"]}}],"collection":[{"href":"https:\/\/actualizateiguazu.com\/v3\/wp-json\/wp\/v2\/posts"}],"about":[{"href":"https:\/\/actualizateiguazu.com\/v3\/wp-json\/wp\/v2\/types\/post"}],"author":[{"embeddable":true,"href":"https:\/\/actualizateiguazu.com\/v3\/wp-json\/wp\/v2\/users\/1"}],"replies":[{"embeddable":true,"href":"https:\/\/actualizateiguazu.com\/v3\/wp-json\/wp\/v2\/comments?post=53729"}],"version-history":[{"count":1,"href":"https:\/\/actualizateiguazu.com\/v3\/wp-json\/wp\/v2\/posts\/53729\/revisions"}],"predecessor-version":[{"id":53731,"href":"https:\/\/actualizateiguazu.com\/v3\/wp-json\/wp\/v2\/posts\/53729\/revisions\/53731"}],"wp:featuredmedia":[{"embeddable":true,"href":"https:\/\/actualizateiguazu.com\/v3\/wp-json\/wp\/v2\/media\/53730"}],"wp:attachment":[{"href":"https:\/\/actualizateiguazu.com\/v3\/wp-json\/wp\/v2\/media?parent=53729"}],"wp:term":[{"taxonomy":"category","embeddable":true,"href":"https:\/\/actualizateiguazu.com\/v3\/wp-json\/wp\/v2\/categories?post=53729"},{"taxonomy":"post_tag","embeddable":true,"href":"https:\/\/actualizateiguazu.com\/v3\/wp-json\/wp\/v2\/tags?post=53729"}],"curies":[{"name":"wp","href":"https:\/\/api.w.org\/{rel}","templated":true}]}}