{"id":53738,"date":"2025-10-21T10:01:35","date_gmt":"2025-10-21T13:01:35","guid":{"rendered":"https:\/\/actualizateiguazu.com\/v3\/?p=53738"},"modified":"2025-10-21T10:01:35","modified_gmt":"2025-10-21T13:01:35","slug":"colecta-de-mechones-de-cabello-y-caminata-para-visibilizar-la-lucha-contra-el-cancer-de-mama","status":"publish","type":"post","link":"https:\/\/actualizateiguazu.com\/v3\/2025\/10\/21\/colecta-de-mechones-de-cabello-y-caminata-para-visibilizar-la-lucha-contra-el-cancer-de-mama\/","title":{"rendered":"Colecta de mechones de cabello y caminata para visibilizar la lucha contra el c\u00e1ncer de mama"},"content":{"rendered":"<p>Las calles de Iguaz\u00fa se ti\u00f1eron de rosa con una marea de mujeres que recorrieron las calles c\u00e9ntricas buscando concientizar sobre la importancia de los controles m\u00e9dicos.<\/p>\n<p>El lunes fue una jornada de mucho trabajo por parte del grupo Cu\u00eddate Iguaz\u00fa, a las 16 horas se realiz\u00f3 en la plaza San Martin la colecta de mechones de cabello para la fabricaci\u00f3n de pelucas oncol\u00f3gicas. Luego se realiz\u00f3 la tradicional caminata que parti\u00f3 de la plaza hasta el Hospital SAMIC Iguaz\u00fa, donde realizaron un abrazo simb\u00f3lico culminando la actividad con una clase de zumba a cargo del profesor Miguel Troche de gimnasia comunitaria.<\/p>\n<p>El mes rosa est\u00e1 colmado de actividades en la ciudad de Puerto Iguaz\u00fa, el movimiento rosa naci\u00f3 tras el ejemplo de la localidad de Puerto Esperanza que fundo la agrupaci\u00f3n Alas Rosas. Durante todo el mes de septiembre se realizan intervenciones como charlas, bingos y dem\u00e1s actividades que tiene un solo fin, lograr que las mujeres se realicen los controles y puedan detectar o descartar la enfermedad. Para ello durante todo el a\u00f1o en Iguaz\u00fa el hospital SAMC realiza mamograf\u00edas que permite la detecci\u00f3n de un tumor del tama\u00f1o de un grano de arroz permitiendo un abordaje en la primera etapa del desarrollo de la enfermedad brindando un porcentaje del 90% de posibilidad de ganar a la enfermedad.<\/p>\n<p><img loading=\"lazy\" decoding=\"async\" class=\"alignnone size-full wp-image-53739\" src=\"https:\/\/actualizateiguazu.com\/v3\/wp-content\/uploads\/2025\/10\/WhatsApp-Image-2025-10-21-at-09.51.57.jpeg\" alt=\"\" width=\"1200\" height=\"1600\" srcset=\"https:\/\/actualizateiguazu.com\/v3\/wp-content\/uploads\/2025\/10\/WhatsApp-Image-2025-10-21-at-09.51.57.jpeg 1200w, https:\/\/actualizateiguazu.com\/v3\/wp-content\/uploads\/2025\/10\/WhatsApp-Image-2025-10-21-at-09.51.57-225x300.jpeg 225w, https:\/\/actualizateiguazu.com\/v3\/wp-content\/uploads\/2025\/10\/WhatsApp-Image-2025-10-21-at-09.51.57-768x1024.jpeg 768w, https:\/\/actualizateiguazu.com\/v3\/wp-content\/uploads\/2025\/10\/WhatsApp-Image-2025-10-21-at-09.51.57-1152x1536.jpeg 1152w, https:\/\/actualizateiguazu.com\/v3\/wp-content\/uploads\/2025\/10\/WhatsApp-Image-2025-10-21-at-09.51.57-450x600.jpeg 450w\" sizes=\"auto, (max-width: 1200px) 100vw, 1200px\" \/><\/p>\n<p>En la jornada del lunes, durante la colecta de mechones de cabello para la fabricaci\u00f3n de pelucas oncol\u00f3gicas que son entregadas de forma gratuita a las mujeres que est\u00e1n pasando por el tratamiento de quimioterapia, representantes del grupo Alas Rosa se acercaron para entregar los mechones que recolectaron en su ciudad, demostrando una vez m\u00e1s que la lucha contra esta enfermedad es colectiva no individual.<\/p>\n<p>En los pr\u00f3ximos d\u00edas, adem\u00e1s de las charlas en diferentes puntos de la ciudad, este s\u00e1bado 25 de octubre, habr\u00e1 un encuentro charla motivacional pensada especialmente para mujeres que est\u00e1n transitando el tratamiento de c\u00e1ncer de mama es una tarde para renovar la esperanza, encontrar contenci\u00f3n y descubrir que, incluso en medio del desaf\u00edo, seguimos siendo luz, fuerza y belleza y el d\u00eda 30 cierran las actividades con una charla dictada por el onc\u00f3logo Edgar Salda\u00f1a en el Centro de Eventos y Convenciones del Amerian a las 16horas.<\/p>\n<p>Cabe recordar que las mamograf\u00edas son gratuitas y se entregan los turnos de lunes a viernes de 7 a 11 y de 14 a 18 horas, o se puede solicitar turnos a trav\u00e9s de las aplicaci\u00f3n ALEGRA MED.<\/p>\n<p>&nbsp;<\/p>\n","protected":false},"excerpt":{"rendered":"<p>Las calles de Iguaz\u00fa se ti\u00f1eron de rosa con una marea de mujeres que recorrieron<\/p>\n","protected":false},"author":1,"featured_media":53740,"comment_status":"closed","ping_status":"open","sticky":false,"template":"","format":"standard","meta":{"footnotes":""},"categories":[1,226,231],"tags":[],"class_list":["post-53738","post","type-post","status-publish","format-standard","has-post-thumbnail","hentry","category-actualidad","category-locales","category-salud"],"_links":{"self":[{"href":"https:\/\/actualizateiguazu.com\/v3\/wp-json\/wp\/v2\/posts\/53738","targetHints":{"allow":["GET"]}}],"collection":[{"href":"https:\/\/actualizateiguazu.com\/v3\/wp-json\/wp\/v2\/posts"}],"about":[{"href":"https:\/\/actualizateiguazu.com\/v3\/wp-json\/wp\/v2\/types\/post"}],"author":[{"embeddable":true,"href":"https:\/\/actualizateiguazu.com\/v3\/wp-json\/wp\/v2\/users\/1"}],"replies":[{"embeddable":true,"href":"https:\/\/actualizateiguazu.com\/v3\/wp-json\/wp\/v2\/comments?post=53738"}],"version-history":[{"count":1,"href":"https:\/\/actualizateiguazu.com\/v3\/wp-json\/wp\/v2\/posts\/53738\/revisions"}],"predecessor-version":[{"id":53741,"href":"https:\/\/actualizateiguazu.com\/v3\/wp-json\/wp\/v2\/posts\/53738\/revisions\/53741"}],"wp:featuredmedia":[{"embeddable":true,"href":"https:\/\/actualizateiguazu.com\/v3\/wp-json\/wp\/v2\/media\/53740"}],"wp:attachment":[{"href":"https:\/\/actualizateiguazu.com\/v3\/wp-json\/wp\/v2\/media?parent=53738"}],"wp:term":[{"taxonomy":"category","embeddable":true,"href":"https:\/\/actualizateiguazu.com\/v3\/wp-json\/wp\/v2\/categories?post=53738"},{"taxonomy":"post_tag","embeddable":true,"href":"https:\/\/actualizateiguazu.com\/v3\/wp-json\/wp\/v2\/tags?post=53738"}],"curies":[{"name":"wp","href":"https:\/\/api.w.org\/{rel}","templated":true}]}}