{"id":53757,"date":"2025-10-22T22:13:51","date_gmt":"2025-10-23T01:13:51","guid":{"rendered":"https:\/\/actualizateiguazu.com\/v3\/?p=53757"},"modified":"2025-10-22T22:13:51","modified_gmt":"2025-10-23T01:13:51","slug":"invitan-a-todas-las-empresas-a-participar-de-la-ii-jornada-de-inclusion-laboral","status":"publish","type":"post","link":"https:\/\/actualizateiguazu.com\/v3\/2025\/10\/22\/invitan-a-todas-las-empresas-a-participar-de-la-ii-jornada-de-inclusion-laboral\/","title":{"rendered":"Invitan a todas las empresas a participar de la II Jornada de Inclusi\u00f3n Laboral"},"content":{"rendered":"<p>Bajo el lema \u201cMenos prejuicios, m\u00e1s amor, m\u00e1s empat\u00eda, m\u00e1s inclusi\u00f3n\u201d se llevar\u00e1 adelante una jornada que busca insertar en el \u00e1mbito laboral a personas con discapacidad de Puerto Iguaz\u00fa.<\/p>\n<p>Una jornada de inclusi\u00f3n laboral de personas con discapacidad es un evento que busca conectar a empresas, instituciones y organizaciones para fomentar la inserci\u00f3n laboral de personas con discapacidad a trav\u00e9s de la discusi\u00f3n de buenas pr\u00e1cticas. Mediante la exposici\u00f3n de experiencias y el di\u00e1logo sobre pol\u00edticas y programas existentes la meta es que m\u00e1s alumnos del Instituto de Ense\u00f1anza Especial Esperanza puedan ingresar al \u00e1mbito laboral y progresar.<\/p>\n<p>Esta es la segunda jornada que se desarrollar\u00e1 en Puerto Iguaz\u00fa, estar\u00e1 a cargo de Tatiana Ant\u00fanez Presidente del Consejo Provincial de Discapacidad Misiones y Ernesto Colombo Profesor de Educaci\u00f3n Especial quienes brindar\u00e1n un pantallazo de los beneficios de incluir en su staff de colaboradores personas con discapacidad y derribar\u00e1n mitos y miedos de los empleadores.<\/p>\n<p>Cabe destacar que la instituci\u00f3n educativa tiene varios casos de \u00e9xito con la inclusi\u00f3n de varios alumnos en diferentes establecimientos de diferentes rubros. La inclusi\u00f3n laboral de los alumnos es la meta de los docentes y del equipo multidisciplinario ya que trabajan de diferentes maneras preparando a los alumnos a superarse, poder llevar una vida normal y valerse por si mismos.<\/p>\n<p>La jornada ser\u00e1 el pr\u00f3ximo viernes 24 de octubre a las 09:00 hs en la sede de C\u00e1mara Comercio de Iguaz\u00fa, est\u00e1n invitados empresarios, emprendedores y toda la comunidad en general a participar de conversatorio enriquecedor<\/p>\n","protected":false},"excerpt":{"rendered":"<p>Bajo el lema \u201cMenos prejuicios, m\u00e1s amor, m\u00e1s empat\u00eda, m\u00e1s inclusi\u00f3n\u201d se llevar\u00e1 adelante una<\/p>\n","protected":false},"author":1,"featured_media":53758,"comment_status":"closed","ping_status":"open","sticky":false,"template":"","format":"standard","meta":{"footnotes":""},"categories":[1,226],"tags":[],"class_list":["post-53757","post","type-post","status-publish","format-standard","has-post-thumbnail","hentry","category-actualidad","category-locales"],"_links":{"self":[{"href":"https:\/\/actualizateiguazu.com\/v3\/wp-json\/wp\/v2\/posts\/53757","targetHints":{"allow":["GET"]}}],"collection":[{"href":"https:\/\/actualizateiguazu.com\/v3\/wp-json\/wp\/v2\/posts"}],"about":[{"href":"https:\/\/actualizateiguazu.com\/v3\/wp-json\/wp\/v2\/types\/post"}],"author":[{"embeddable":true,"href":"https:\/\/actualizateiguazu.com\/v3\/wp-json\/wp\/v2\/users\/1"}],"replies":[{"embeddable":true,"href":"https:\/\/actualizateiguazu.com\/v3\/wp-json\/wp\/v2\/comments?post=53757"}],"version-history":[{"count":1,"href":"https:\/\/actualizateiguazu.com\/v3\/wp-json\/wp\/v2\/posts\/53757\/revisions"}],"predecessor-version":[{"id":53759,"href":"https:\/\/actualizateiguazu.com\/v3\/wp-json\/wp\/v2\/posts\/53757\/revisions\/53759"}],"wp:featuredmedia":[{"embeddable":true,"href":"https:\/\/actualizateiguazu.com\/v3\/wp-json\/wp\/v2\/media\/53758"}],"wp:attachment":[{"href":"https:\/\/actualizateiguazu.com\/v3\/wp-json\/wp\/v2\/media?parent=53757"}],"wp:term":[{"taxonomy":"category","embeddable":true,"href":"https:\/\/actualizateiguazu.com\/v3\/wp-json\/wp\/v2\/categories?post=53757"},{"taxonomy":"post_tag","embeddable":true,"href":"https:\/\/actualizateiguazu.com\/v3\/wp-json\/wp\/v2\/tags?post=53757"}],"curies":[{"name":"wp","href":"https:\/\/api.w.org\/{rel}","templated":true}]}}