{"id":53772,"date":"2025-10-24T14:56:56","date_gmt":"2025-10-24T17:56:56","guid":{"rendered":"https:\/\/actualizateiguazu.com\/v3\/?p=53772"},"modified":"2025-10-24T14:56:56","modified_gmt":"2025-10-24T17:56:56","slug":"foz-do-iguazu-joven-colombiano-desaparecido-fue-encontrado-sin-vida","status":"publish","type":"post","link":"https:\/\/actualizateiguazu.com\/v3\/2025\/10\/24\/foz-do-iguazu-joven-colombiano-desaparecido-fue-encontrado-sin-vida\/","title":{"rendered":"Foz do Iguaz\u00fa: Joven colombiano desaparecido fue encontrado sin vida"},"content":{"rendered":"<p>El joven colombiano Iverth Samuel Bonilla Airias que llevaba 8 d\u00edas desaparecido, fue hallado sin vida. La polic\u00eda de Brasil no emiti\u00f3 comunicado oficial hasta el momento.<\/p>\n<p>El hallazgo del cuerpo del colombiano Iverth Samuel Bonilla Airias (22) se produjo ayer en la zona del barrio Vila C, en la ciudad Foz do Igua\u00e7u, Brasil. El cuerpo fue reconocido por sus familiares quienes confirmaron el hecho a trav\u00e9s de las redes sociales y aprovecharon para agradecer el apoyo de todos los que compartieron su b\u00fasqueda. El cuerpo fue reconocido en el Instituto Medico Legal y la polic\u00eda civil espera el informe de autopsia para establecer la causa de la muerte e informar el hecho.<\/p>\n<p>La b\u00fasqueda comenz\u00f3 cuando Samuel Bonilla hab\u00eda que se encontraba de visita en la vecina ciudad de Foz do Igua\u00e7\u00fa sali\u00f3 de la vivienda donde se alojaba en el barrio Vila C Nova el lunes 13 de octubre, alrededor del mediod\u00eda, y no regres\u00f3. El joven hab\u00eda dejado el celular y algunos documentos en el lugar. Las personas que lo alojaban intentaron hacer la denuncia, pero se encontraron con cuestiones burocr\u00e1ticas que postergaron el inicio de la b\u00fasqueda.<\/p>\n<p>La madre del joven, periodista en Colombia, viaj\u00f3 primero a Brasil para iniciar la b\u00fasqueda, a la que luego se sum\u00f3 el padre. Durante esos d\u00edas, la familia recurri\u00f3 a las redes sociales, no solo para difundir el caso y solicitar informaci\u00f3n, sino tambi\u00e9n para pedir ayuda econ\u00f3mica destinada a sus desplazamientos por la ciudad y la gesti\u00f3n de la b\u00fasqueda.<\/p>\n<p>El jueves 23 de octubre, en una publicaci\u00f3n Fabi\u00e1n Bonilla confirm\u00f3 el hallazgo<\/p>\n<p>\u201cHola, buenos d\u00edas a todos. Tengo que decirle a toda la comunidad mundial, que nos ha estado ayudando en esta b\u00fasqueda, que infortunadamente la b\u00fasqueda acaba de terminar. Estamos aqu\u00ed en la Polic\u00eda Cient\u00edfica de Foz do Igua\u00e7u y ya est\u00e1 plenamente identificado el cuerpo. Nuestro hijo ha muerto. Gracias por todo su apoyo. Les voy a seguir comentando qu\u00e9 es lo que sigue, tanto para el cuerpo y para nosotros. Muchas gracias y buen d\u00eda\u201d, expres\u00f3 con la voz entrecortada.<\/p>\n<p>La Policia Civil lleva adelante la investigaci\u00f3n a fin de determinar las causas de la muerte del joven.<\/p>\n","protected":false},"excerpt":{"rendered":"<p>El joven colombiano Iverth Samuel Bonilla Airias que llevaba 8 d\u00edas desaparecido, fue hallado sin<\/p>\n","protected":false},"author":1,"featured_media":53773,"comment_status":"closed","ping_status":"open","sticky":false,"template":"","format":"standard","meta":{"footnotes":""},"categories":[1,233],"tags":[],"class_list":["post-53772","post","type-post","status-publish","format-standard","has-post-thumbnail","hentry","category-actualidad","category-triple-frontera"],"_links":{"self":[{"href":"https:\/\/actualizateiguazu.com\/v3\/wp-json\/wp\/v2\/posts\/53772","targetHints":{"allow":["GET"]}}],"collection":[{"href":"https:\/\/actualizateiguazu.com\/v3\/wp-json\/wp\/v2\/posts"}],"about":[{"href":"https:\/\/actualizateiguazu.com\/v3\/wp-json\/wp\/v2\/types\/post"}],"author":[{"embeddable":true,"href":"https:\/\/actualizateiguazu.com\/v3\/wp-json\/wp\/v2\/users\/1"}],"replies":[{"embeddable":true,"href":"https:\/\/actualizateiguazu.com\/v3\/wp-json\/wp\/v2\/comments?post=53772"}],"version-history":[{"count":1,"href":"https:\/\/actualizateiguazu.com\/v3\/wp-json\/wp\/v2\/posts\/53772\/revisions"}],"predecessor-version":[{"id":53774,"href":"https:\/\/actualizateiguazu.com\/v3\/wp-json\/wp\/v2\/posts\/53772\/revisions\/53774"}],"wp:featuredmedia":[{"embeddable":true,"href":"https:\/\/actualizateiguazu.com\/v3\/wp-json\/wp\/v2\/media\/53773"}],"wp:attachment":[{"href":"https:\/\/actualizateiguazu.com\/v3\/wp-json\/wp\/v2\/media?parent=53772"}],"wp:term":[{"taxonomy":"category","embeddable":true,"href":"https:\/\/actualizateiguazu.com\/v3\/wp-json\/wp\/v2\/categories?post=53772"},{"taxonomy":"post_tag","embeddable":true,"href":"https:\/\/actualizateiguazu.com\/v3\/wp-json\/wp\/v2\/tags?post=53772"}],"curies":[{"name":"wp","href":"https:\/\/api.w.org\/{rel}","templated":true}]}}