{"id":53775,"date":"2025-10-25T09:58:24","date_gmt":"2025-10-25T12:58:24","guid":{"rendered":"https:\/\/actualizateiguazu.com\/v3\/?p=53775"},"modified":"2025-10-25T09:58:24","modified_gmt":"2025-10-25T12:58:24","slug":"motociclista-colombiano-perdio-la-vida-tras-despistar-con-su-motocicleta","status":"publish","type":"post","link":"https:\/\/actualizateiguazu.com\/v3\/2025\/10\/25\/motociclista-colombiano-perdio-la-vida-tras-despistar-con-su-motocicleta\/","title":{"rendered":"Motociclista colombiano perdio la vida tras despistar con su motocicleta"},"content":{"rendered":"<p>Un hombre de 38 a\u00f1os falleci\u00f3 en la madrugada de este s\u00e1bado tras protagonizar un siniestro vial en la localidad de Wanda. El hecho ocurri\u00f3 alrededor de las 5:00 sobre la avenida Vuelta de Obligado, casi Leandro N. Alem.<\/p>\n<p>De acuerdo con las primeras averiguaciones, Deiman Ram\u00edrez S\u00e1nchez, de nacionalidad colombiana, se desplazaba a bordo de una motocicleta Honda XR 150 cc, cuando por causas que se tratan de establecer perdi\u00f3 el control del veh\u00edculo y cay\u00f3 sobre la cinta asf\u00e1ltica, sufriendo graves lesiones que le provocaron el deceso en el lugar.<\/p>\n<p>El m\u00e9dico policial que examin\u00f3 el cuerpo determin\u00f3 como causa del fallecimiento un traumatismo enc\u00e9falo craneano grave. En el sitio trabajaron efectivos de la Comisar\u00eda de Wanda, junto a la Divisi\u00f3n Polic\u00eda Cient\u00edfica, quienes realizaron las pericias de rigor para establecer la mec\u00e1nica del siniestro.<\/p>\n<p>Por disposici\u00f3n del magistrado interviniente, se labr\u00f3 el acta de reconocimiento y entrega del cuerpo a los familiares para su inhumaci\u00f3n.<\/p>\n","protected":false},"excerpt":{"rendered":"<p>Un hombre de 38 a\u00f1os falleci\u00f3 en la madrugada de este s\u00e1bado tras protagonizar un<\/p>\n","protected":false},"author":1,"featured_media":53776,"comment_status":"closed","ping_status":"open","sticky":false,"template":"","format":"standard","meta":{"footnotes":""},"categories":[1,226],"tags":[],"class_list":["post-53775","post","type-post","status-publish","format-standard","has-post-thumbnail","hentry","category-actualidad","category-locales"],"_links":{"self":[{"href":"https:\/\/actualizateiguazu.com\/v3\/wp-json\/wp\/v2\/posts\/53775","targetHints":{"allow":["GET"]}}],"collection":[{"href":"https:\/\/actualizateiguazu.com\/v3\/wp-json\/wp\/v2\/posts"}],"about":[{"href":"https:\/\/actualizateiguazu.com\/v3\/wp-json\/wp\/v2\/types\/post"}],"author":[{"embeddable":true,"href":"https:\/\/actualizateiguazu.com\/v3\/wp-json\/wp\/v2\/users\/1"}],"replies":[{"embeddable":true,"href":"https:\/\/actualizateiguazu.com\/v3\/wp-json\/wp\/v2\/comments?post=53775"}],"version-history":[{"count":1,"href":"https:\/\/actualizateiguazu.com\/v3\/wp-json\/wp\/v2\/posts\/53775\/revisions"}],"predecessor-version":[{"id":53777,"href":"https:\/\/actualizateiguazu.com\/v3\/wp-json\/wp\/v2\/posts\/53775\/revisions\/53777"}],"wp:featuredmedia":[{"embeddable":true,"href":"https:\/\/actualizateiguazu.com\/v3\/wp-json\/wp\/v2\/media\/53776"}],"wp:attachment":[{"href":"https:\/\/actualizateiguazu.com\/v3\/wp-json\/wp\/v2\/media?parent=53775"}],"wp:term":[{"taxonomy":"category","embeddable":true,"href":"https:\/\/actualizateiguazu.com\/v3\/wp-json\/wp\/v2\/categories?post=53775"},{"taxonomy":"post_tag","embeddable":true,"href":"https:\/\/actualizateiguazu.com\/v3\/wp-json\/wp\/v2\/tags?post=53775"}],"curies":[{"name":"wp","href":"https:\/\/api.w.org\/{rel}","templated":true}]}}