{"id":53831,"date":"2025-10-27T00:44:07","date_gmt":"2025-10-27T03:44:07","guid":{"rendered":"https:\/\/actualizateiguazu.com\/v3\/?p=53831"},"modified":"2025-10-27T00:47:59","modified_gmt":"2025-10-27T03:47:59","slug":"la-alianza-la-libertad-avanza-celebro-una-jornada-historica-en-misiones","status":"publish","type":"post","link":"https:\/\/actualizateiguazu.com\/v3\/2025\/10\/27\/la-alianza-la-libertad-avanza-celebro-una-jornada-historica-en-misiones\/","title":{"rendered":"La Alianza La Libertad Avanza celebr\u00f3 una jornada hist\u00f3rica en Misiones:"},"content":{"rendered":"<p>Con el respaldo mayoritario de los misioneros, la fuerza logr\u00f3 dos de las tres bancas en juego y consagra a Diego Hartfield y Maura Gruber como los nuevos diputados nacionales por la provincia.<\/p>\n<p>El presidente de LLA Misiones, Adri\u00e1n N\u00fa\u00f1ez, dedic\u00f3 la victoria \u201ca \u00c1ngelo, uno de los j\u00f3venes que perdi\u00f3 la vida en el tr\u00e1gico accidente ocurrido hoy en Campo Viera mientras viajaba a votar. Esta victoria tambi\u00e9n es suya\u201d, expres\u00f3.<\/p>\n<p>\u201cCada voto defendido, cada conversaci\u00f3n en los barrios, cada idea compartida en un comercio o una empresa fueron parte de este logro. Detr\u00e1s de cada porcentaje hay personas que creen que Misiones puede ser una tierra de oportunidades, de producci\u00f3n y de libertad. El esfuerzo vali\u00f3 la pena\u201d, afirm\u00f3 Diego Hartfield.<\/p>\n<p>Por su parte, Maura Gruber se\u00f1al\u00f3: \u201cDesde el sector productivo entendemos lo que significa pelear contra las trabas para poder crecer. Por eso esta elecci\u00f3n representa tambi\u00e9n la esperanza de miles de misioneros que todos los d\u00edas trabajan, producen y sue\u00f1an con un pa\u00eds que los deje avanzar. Vamos a llevar esa voz al Congreso y a seguir defendiendo a quienes hacen grande a Misiones con su esfuerzo.\u201d<\/p>\n<p>Desde la conducci\u00f3n provincial destacaron que el resultado es fruto del compromiso de fiscales, militantes y votantes que ratificaron el rumbo iniciado en 2023. \u201cEsta elecci\u00f3n reafirma que en Misiones hay espacio para una propuesta liberal\/libertaria que crece, que escucha y que vino para quedarse\u201d, cerr\u00f3 N\u00fa\u00f1ez.<\/p>\n","protected":false},"excerpt":{"rendered":"<p>Con el respaldo mayoritario de los misioneros, la fuerza logr\u00f3 dos de las tres bancas<\/p>\n","protected":false},"author":1,"featured_media":53832,"comment_status":"closed","ping_status":"open","sticky":false,"template":"","format":"standard","meta":{"footnotes":""},"categories":[1,229],"tags":[],"class_list":["post-53831","post","type-post","status-publish","format-standard","has-post-thumbnail","hentry","category-actualidad","category-provinciales"],"_links":{"self":[{"href":"https:\/\/actualizateiguazu.com\/v3\/wp-json\/wp\/v2\/posts\/53831","targetHints":{"allow":["GET"]}}],"collection":[{"href":"https:\/\/actualizateiguazu.com\/v3\/wp-json\/wp\/v2\/posts"}],"about":[{"href":"https:\/\/actualizateiguazu.com\/v3\/wp-json\/wp\/v2\/types\/post"}],"author":[{"embeddable":true,"href":"https:\/\/actualizateiguazu.com\/v3\/wp-json\/wp\/v2\/users\/1"}],"replies":[{"embeddable":true,"href":"https:\/\/actualizateiguazu.com\/v3\/wp-json\/wp\/v2\/comments?post=53831"}],"version-history":[{"count":2,"href":"https:\/\/actualizateiguazu.com\/v3\/wp-json\/wp\/v2\/posts\/53831\/revisions"}],"predecessor-version":[{"id":53834,"href":"https:\/\/actualizateiguazu.com\/v3\/wp-json\/wp\/v2\/posts\/53831\/revisions\/53834"}],"wp:featuredmedia":[{"embeddable":true,"href":"https:\/\/actualizateiguazu.com\/v3\/wp-json\/wp\/v2\/media\/53832"}],"wp:attachment":[{"href":"https:\/\/actualizateiguazu.com\/v3\/wp-json\/wp\/v2\/media?parent=53831"}],"wp:term":[{"taxonomy":"category","embeddable":true,"href":"https:\/\/actualizateiguazu.com\/v3\/wp-json\/wp\/v2\/categories?post=53831"},{"taxonomy":"post_tag","embeddable":true,"href":"https:\/\/actualizateiguazu.com\/v3\/wp-json\/wp\/v2\/tags?post=53831"}],"curies":[{"name":"wp","href":"https:\/\/api.w.org\/{rel}","templated":true}]}}