{"id":53873,"date":"2025-10-28T17:35:33","date_gmt":"2025-10-28T20:35:33","guid":{"rendered":"https:\/\/actualizateiguazu.com\/v3\/?p=53873"},"modified":"2025-10-28T17:35:33","modified_gmt":"2025-10-28T20:35:33","slug":"iguazu-perdio-el-control-del-vehiculo-y-termino-contra-un-arbol-en-la-ruta-101","status":"publish","type":"post","link":"https:\/\/actualizateiguazu.com\/v3\/2025\/10\/28\/iguazu-perdio-el-control-del-vehiculo-y-termino-contra-un-arbol-en-la-ruta-101\/","title":{"rendered":"Iguaz\u00fa: perdi\u00f3 el control del veh\u00edculo y termin\u00f3 contra un \u00e1rbol en la Ruta 101"},"content":{"rendered":"<p>Durante la tarde de este martes, alrededor de las 16:30, efectivos de la Divisi\u00f3n Comando Radioel\u00e9ctrico de la Unidad Regional V intervinieron en un siniestro vial registrado sobre la Ruta Nacional N.\u00ba 101, en direcci\u00f3n al Aeropuerto Internacional de Puerto Iguaz\u00fa.<\/p>\n<p>En el lugar, por causas que se investigan un autom\u00f3vil Toyota Etios conducido por Nicol\u00e1s Ezequiel S. (26), perdi\u00f3 el control, derrap\u00f3 e impact\u00f3 contra un \u00e1rbol ubicado en la banquina izquierda.<\/p>\n<div style=\"width: 474px;\" class=\"wp-video\"><video class=\"wp-video-shortcode\" id=\"video-53873-1\" width=\"474\" height=\"850\" preload=\"metadata\" controls=\"controls\"><source type=\"video\/mp4\" src=\"https:\/\/actualizateiguazu.com\/v3\/wp-content\/uploads\/2025\/10\/WhatsApp-Video-2025-10-28-at-16.35.45-1.mp4?_=1\" \/><a href=\"https:\/\/actualizateiguazu.com\/v3\/wp-content\/uploads\/2025\/10\/WhatsApp-Video-2025-10-28-at-16.35.45-1.mp4\">https:\/\/actualizateiguazu.com\/v3\/wp-content\/uploads\/2025\/10\/WhatsApp-Video-2025-10-28-at-16.35.45-1.mp4<\/a><\/video><\/div>\n<p>A ra\u00edz del fuerte impacto, el conductor result\u00f3 con lesiones que ser\u00e1n determinadas por los m\u00e9dicos del hospital local, donde fue trasladado para recibir atenci\u00f3n. En el sitio trabajaron personal policial y de emergencias, quienes realizaron las tareas de rigor.<\/p>\n","protected":false},"excerpt":{"rendered":"<p>Durante la tarde de este martes, alrededor de las 16:30, efectivos de la Divisi\u00f3n Comando<\/p>\n","protected":false},"author":1,"featured_media":53876,"comment_status":"closed","ping_status":"open","sticky":false,"template":"","format":"standard","meta":{"footnotes":""},"categories":[1,226],"tags":[],"class_list":["post-53873","post","type-post","status-publish","format-standard","has-post-thumbnail","hentry","category-actualidad","category-locales"],"_links":{"self":[{"href":"https:\/\/actualizateiguazu.com\/v3\/wp-json\/wp\/v2\/posts\/53873","targetHints":{"allow":["GET"]}}],"collection":[{"href":"https:\/\/actualizateiguazu.com\/v3\/wp-json\/wp\/v2\/posts"}],"about":[{"href":"https:\/\/actualizateiguazu.com\/v3\/wp-json\/wp\/v2\/types\/post"}],"author":[{"embeddable":true,"href":"https:\/\/actualizateiguazu.com\/v3\/wp-json\/wp\/v2\/users\/1"}],"replies":[{"embeddable":true,"href":"https:\/\/actualizateiguazu.com\/v3\/wp-json\/wp\/v2\/comments?post=53873"}],"version-history":[{"count":1,"href":"https:\/\/actualizateiguazu.com\/v3\/wp-json\/wp\/v2\/posts\/53873\/revisions"}],"predecessor-version":[{"id":53877,"href":"https:\/\/actualizateiguazu.com\/v3\/wp-json\/wp\/v2\/posts\/53873\/revisions\/53877"}],"wp:featuredmedia":[{"embeddable":true,"href":"https:\/\/actualizateiguazu.com\/v3\/wp-json\/wp\/v2\/media\/53876"}],"wp:attachment":[{"href":"https:\/\/actualizateiguazu.com\/v3\/wp-json\/wp\/v2\/media?parent=53873"}],"wp:term":[{"taxonomy":"category","embeddable":true,"href":"https:\/\/actualizateiguazu.com\/v3\/wp-json\/wp\/v2\/categories?post=53873"},{"taxonomy":"post_tag","embeddable":true,"href":"https:\/\/actualizateiguazu.com\/v3\/wp-json\/wp\/v2\/tags?post=53873"}],"curies":[{"name":"wp","href":"https:\/\/api.w.org\/{rel}","templated":true}]}}