{"id":53882,"date":"2025-10-28T19:14:22","date_gmt":"2025-10-28T22:14:22","guid":{"rendered":"https:\/\/actualizateiguazu.com\/v3\/?p=53882"},"modified":"2025-10-28T19:14:22","modified_gmt":"2025-10-28T22:14:22","slug":"cayo-chicharra-escapaba-de-los-investigadores-con-una-motocicleta-robada","status":"publish","type":"post","link":"https:\/\/actualizateiguazu.com\/v3\/2025\/10\/28\/cayo-chicharra-escapaba-de-los-investigadores-con-una-motocicleta-robada\/","title":{"rendered":"Cay\u00f3 \u00abchicharra\u00bb escapaba de los investigadores con una motocicleta robada."},"content":{"rendered":"<div class=\"xdj266r x14z9mp xat24cr x1lziwak x1vvkbs x126k92a\">\n<div dir=\"auto\">Se trata de una motocicleta marca Yamaha modelo Fazer 250 c.c. robada en las \u00faltimas horas cuando se hallaba estacionada sobre Calle Salto Belgrano de esta ciudad en perjuicio de un hombre de 32 a\u00f1os. La misma fue recuperada en un r\u00e1pido accionar por parte de los investigadores.<\/div>\n<div dir=\"auto\"><\/div>\n<div dir=\"auto\">El procedimiento se llev\u00f3 a cabo tras la denuncia del damnificado quien alert\u00f3 a los efectivos de la comisar\u00eda seccional 2da la sustracci\u00f3n del rodado, inmediatamente y luego de exhaustivas pesquisas realizadas en distintos barrios como resultado la polic\u00eda recuper\u00f3 el motoveh\u00edculo y en averiguaci\u00f3n del hecho fue detenido Fabian I. De 40 a\u00f1os conocido como &#8216;Chicharra\u00bb quien fue detenido cuando intentaba escapar de los uniformados en su poder se hall\u00f3 el motoveh\u00edculo robado, adem\u00e1s el delincuente se hallaba junto a otro joven quien fue identificado por los efectivos policiales y por est\u00e1s horas persiste su b\u00fasqueda.<\/div>\n<div dir=\"auto\"><\/div>\n<div dir=\"auto\">Posteriormente se traslad\u00f3 el motoveh\u00edculo a sede policial donde qued\u00f3 depositado a los fines de ser restituido a su damnificado. Cabe aclarar que el detenido adem\u00e1s registra antecedentes delictivos, permaneciendo alojado en sede policial a disposici\u00f3n de la justicia<\/div>\n<\/div>\n","protected":false},"excerpt":{"rendered":"<p>Se trata de una motocicleta marca Yamaha modelo Fazer 250 c.c. robada en las \u00faltimas<\/p>\n","protected":false},"author":1,"featured_media":53883,"comment_status":"closed","ping_status":"open","sticky":false,"template":"","format":"standard","meta":{"footnotes":""},"categories":[1,228],"tags":[],"class_list":["post-53882","post","type-post","status-publish","format-standard","has-post-thumbnail","hentry","category-actualidad","category-policiales"],"_links":{"self":[{"href":"https:\/\/actualizateiguazu.com\/v3\/wp-json\/wp\/v2\/posts\/53882","targetHints":{"allow":["GET"]}}],"collection":[{"href":"https:\/\/actualizateiguazu.com\/v3\/wp-json\/wp\/v2\/posts"}],"about":[{"href":"https:\/\/actualizateiguazu.com\/v3\/wp-json\/wp\/v2\/types\/post"}],"author":[{"embeddable":true,"href":"https:\/\/actualizateiguazu.com\/v3\/wp-json\/wp\/v2\/users\/1"}],"replies":[{"embeddable":true,"href":"https:\/\/actualizateiguazu.com\/v3\/wp-json\/wp\/v2\/comments?post=53882"}],"version-history":[{"count":1,"href":"https:\/\/actualizateiguazu.com\/v3\/wp-json\/wp\/v2\/posts\/53882\/revisions"}],"predecessor-version":[{"id":53884,"href":"https:\/\/actualizateiguazu.com\/v3\/wp-json\/wp\/v2\/posts\/53882\/revisions\/53884"}],"wp:featuredmedia":[{"embeddable":true,"href":"https:\/\/actualizateiguazu.com\/v3\/wp-json\/wp\/v2\/media\/53883"}],"wp:attachment":[{"href":"https:\/\/actualizateiguazu.com\/v3\/wp-json\/wp\/v2\/media?parent=53882"}],"wp:term":[{"taxonomy":"category","embeddable":true,"href":"https:\/\/actualizateiguazu.com\/v3\/wp-json\/wp\/v2\/categories?post=53882"},{"taxonomy":"post_tag","embeddable":true,"href":"https:\/\/actualizateiguazu.com\/v3\/wp-json\/wp\/v2\/tags?post=53882"}],"curies":[{"name":"wp","href":"https:\/\/api.w.org\/{rel}","templated":true}]}}