{"id":53899,"date":"2025-10-29T18:19:38","date_gmt":"2025-10-29T21:19:38","guid":{"rendered":"https:\/\/actualizateiguazu.com\/v3\/?p=53899"},"modified":"2025-10-29T18:19:38","modified_gmt":"2025-10-29T21:19:38","slug":"el-gobierno-dispondra-el-alerta-maxima-en-las-fronteras-con-brasil","status":"publish","type":"post","link":"https:\/\/actualizateiguazu.com\/v3\/2025\/10\/29\/el-gobierno-dispondra-el-alerta-maxima-en-las-fronteras-con-brasil\/","title":{"rendered":"El Gobierno dispondr\u00e1 el \u00abalerta m\u00e1xima\u00bb en las fronteras con Brasil"},"content":{"rendered":"<p>As\u00ed lo confirm\u00f3 la ministra de Seguridad, Patricia Bullrich. En las \u00faltimas horas, el embajador argentino en Brasil, Daniel Raimondi, confirm\u00f3 que \u201cno hay argentinos involucrados\u00bb.<\/p>\n<p>El gobierno de Javier Milei confirm\u00f3 que extremar\u00e1 medidas de seguridad en las fronteras en respuesta de la escalada de violencia que se vivi\u00f3 en la ciudad de R\u00edo de Janeiro, tras el megaoperativo llevado adelante por el gobierno de Lula da Silva con el objetivo de actuar contra el Comando Vermelho, el principal grupo criminal de R\u00edo de Janeiro que opera en favelas y barrios densamente poblados.<\/p>\n<p>En detalle, la actual ministra de Seguridad, Patricia Bullrich, confirm\u00f3 que dispondr\u00e1 una reuni\u00f3n en el Ministerio de Seguridad Nacional para decidir el curso de acci\u00f3n. \u00abVoy a disponer una alerta m\u00e1xima en las fronteras para que no pueda haber ning\u00fan tipo de cruce o de pase de aquellos que evidentemente se deben de estar moviendo de lugar, de la centralidad del conflicto en R\u00edo\u00bb, ahond\u00f3 la funcionaria que dejar\u00e1 su cargo el pr\u00f3ximo 10 de diciembre, para asumir como senadora por la Ciudad de Buenos Aires.<\/p>\n<p>El pasado martes, R\u00edo de Janeiro fue sede una de una masiva operaci\u00f3n policial en los complejos de favelas de Alem\u00e3o y Penha, donde se buscaban ejecutar 100 \u00f3rdenes de prisi\u00f3n contra miembros del Comando Vermelho. El enfrentamiento &#8211; que reflej\u00f3 el uso de drones, bombas y armamento pesado de ambos lados &#8211; result\u00f3 en la muerte de al menos 120 personas, entre ellos cuatro agentes de las fuerzas de Seguridad, seg\u00fan confirm\u00f3 la Densor\u00eda P\u00fablica regional.<\/p>\n<p>En este sentido, Bullrich explic\u00f3 que una \u00abalerta m\u00e1xima\u00bb significa \u00abmirar con cuatro ojos a todos los brasileros que vienen, si tienen antecedentes o no, por supuesto, no confundiendo turistas\u00bb. As\u00ed, asegur\u00f3 que el foco estar\u00e1 puesto \u00aben la triple frontera y en Tancredo Neves\u00bb donde registraron \u00abmucho movimiento\u00bb por lo que se desplegar\u00e1 \u00abun sistema de alerta\u00bb. En las \u00faltimas horas, el embajador argentino en Brasil, Daniel Raimondi, tambi\u00e9n llev\u00f3 tranquilidad a la ciudadan\u00eda al detallar que \u00abno hay argentinos involucrados\u00bb en los enfrentamientos.<\/p>\n<p>&nbsp;<\/p>\n","protected":false},"excerpt":{"rendered":"<p>As\u00ed lo confirm\u00f3 la ministra de Seguridad, Patricia Bullrich. En las \u00faltimas horas, el embajador<\/p>\n","protected":false},"author":1,"featured_media":53900,"comment_status":"closed","ping_status":"open","sticky":false,"template":"","format":"standard","meta":{"footnotes":""},"categories":[1,226],"tags":[],"class_list":["post-53899","post","type-post","status-publish","format-standard","has-post-thumbnail","hentry","category-actualidad","category-locales"],"_links":{"self":[{"href":"https:\/\/actualizateiguazu.com\/v3\/wp-json\/wp\/v2\/posts\/53899","targetHints":{"allow":["GET"]}}],"collection":[{"href":"https:\/\/actualizateiguazu.com\/v3\/wp-json\/wp\/v2\/posts"}],"about":[{"href":"https:\/\/actualizateiguazu.com\/v3\/wp-json\/wp\/v2\/types\/post"}],"author":[{"embeddable":true,"href":"https:\/\/actualizateiguazu.com\/v3\/wp-json\/wp\/v2\/users\/1"}],"replies":[{"embeddable":true,"href":"https:\/\/actualizateiguazu.com\/v3\/wp-json\/wp\/v2\/comments?post=53899"}],"version-history":[{"count":1,"href":"https:\/\/actualizateiguazu.com\/v3\/wp-json\/wp\/v2\/posts\/53899\/revisions"}],"predecessor-version":[{"id":53901,"href":"https:\/\/actualizateiguazu.com\/v3\/wp-json\/wp\/v2\/posts\/53899\/revisions\/53901"}],"wp:featuredmedia":[{"embeddable":true,"href":"https:\/\/actualizateiguazu.com\/v3\/wp-json\/wp\/v2\/media\/53900"}],"wp:attachment":[{"href":"https:\/\/actualizateiguazu.com\/v3\/wp-json\/wp\/v2\/media?parent=53899"}],"wp:term":[{"taxonomy":"category","embeddable":true,"href":"https:\/\/actualizateiguazu.com\/v3\/wp-json\/wp\/v2\/categories?post=53899"},{"taxonomy":"post_tag","embeddable":true,"href":"https:\/\/actualizateiguazu.com\/v3\/wp-json\/wp\/v2\/tags?post=53899"}],"curies":[{"name":"wp","href":"https:\/\/api.w.org\/{rel}","templated":true}]}}