{"id":53954,"date":"2025-11-01T20:57:49","date_gmt":"2025-11-01T23:57:49","guid":{"rendered":"https:\/\/actualizateiguazu.com\/v3\/?p=53954"},"modified":"2025-11-01T20:57:49","modified_gmt":"2025-11-01T23:57:49","slug":"en-lo-que-va-del-ano-se-registraron-16-suicidios-y-64-intentos-en-iguazu","status":"publish","type":"post","link":"https:\/\/actualizateiguazu.com\/v3\/2025\/11\/01\/en-lo-que-va-del-ano-se-registraron-16-suicidios-y-64-intentos-en-iguazu\/","title":{"rendered":"En lo que va del a\u00f1o se registraron 16 suicidios y 64 intentos en Iguaz\u00fa"},"content":{"rendered":"<p>Las cifras alarmantes indican que el 40% de los casos estar\u00edan relacionados a los consumos problem\u00e1ticos de sustancias. Seis de los suicidios ocurrieron en una comunidad Mbya guaran\u00ed.<\/p>\n<p>La problem\u00e1tica del suicidio implica pensar en t\u00e9rminos de complejidad y multicausalidad, es un fen\u00f3meno de gran magnitud tanto a nivel mundial como en nuestro pa\u00eds, que afecta al tejido social, con alto impacto para el entorno familiar y social de la persona y su comunidad de pertenencia, con efectos de amplio alcance. Solo en Puerto Iguaz\u00fa 16 personas se han quitado la vida y otras 64 lo internaron, estos \u00faltimos reciben contenci\u00f3n y tratamiento brindado por el equipo de Salud Mental del Hospital SAMIC<\/p>\n<p>Seg\u00fan los datos estad\u00edsticos de la Unidad Regional V de la Polic\u00eda de Misiones 16 personas han tomado la dr\u00e1stica decisi\u00f3n de acabar con su vida en lo que va del a\u00f1o. Es una cifra alarmante ya que en promedio 1 persona termin\u00f3 con su vida cada 9 d\u00edas en promedio. En el caso de los intentos de suicidios, desde el \u00e1rea de Salud Mental del Hospital confirmaron que han atendido 64 intentos, es decir uno cada 4 d\u00edas en promedio, la mayor\u00eda ingres\u00f3 por la guardia del nosocomio.<\/p>\n<p>Entre las causas, se encuentra el consumo problem\u00e1tico, desde el \u00e1rea de salud mental indican que un 40% de los casos esta relacionado con la problem\u00e1tica, no obstante, no son todas las causas. Seg\u00fan pudo averiguar este medio en una comunidad Mbya Guaran\u00ed se han registrado 6 suicidios en el a\u00f1o, 3 menores en edad escolar y 3 adultos, todos padec\u00edan consumo problem\u00e1tico.<\/p>\n<p>El suicidio es prevenible y que se precisa de un abordaje integral, est\u00e1 atravesado por distintos factores interrelacionados de orden personal, comunitario y social, ya sea biol\u00f3gicos, psicol\u00f3gicos, socio-culturales, entre otros. En el Hospital SAMIC desde noviembre del a\u00f1o pasado funciona el departamento de Salud Mental, que aborda diferentes tem\u00e1ticas entre ellas los intentos de suicidios mediante un grupo interdisciplinario integrado por Daniela Ledesma trabajadora social, Carolina Demarchi psiquiatra, las psic\u00f3logas Nancy Almir\u00f3n, Luciana Salvador quien lidera el grupo y se suman la pr\u00f3xima semana las psic\u00f3logas Ivana Simon y Susana Recalde. Tambi\u00e9n forma parte del equipo la psicopedagoga Lorena Maidana.<\/p>\n<p>La mayor\u00eda de los pacientes que llegan al departamento de salud mental por intento de suicidio ingresan por la guardia del Hospital, otros acuden por demanda de las instituciones, como ser Hogar de Dia, establecimientos escolares entre otros y en menor porcentaje mediante las familias que solicitan ayuda. Una vez que el paciente ingresa el equipo inicia un arduo trabajo con la familia para sacarlo de la situaci\u00f3n de riesgo y despu\u00e9s se realiza un seguimiento con un tratamiento.<\/p>\n<p>\u201cEmpezamos con una primera evaluaci\u00f3n psicol\u00f3gica con el objetivo de determinar la situaci\u00f3n del paciente como primer abordaje inmediato. Luego se realiza una evaluaci\u00f3n m\u00e1s profunda con la trabajadora social, la psic\u00f3loga y la medica que consiste en una entrevista de admisi\u00f3n con la familia y el paciente\u201d explic\u00f3 la Licenciada en psicolog\u00eda Luciana Salvador a cargo del equipo de Salud Mental<\/p>\n<p>Esta entrevista brinda a los profesionales de la salud mental un panorama donde se puede detectar la patolog\u00eda, la situaci\u00f3n del paciente y se determina el tratamiento \u201cAbordamos los casos con psicoterapias, con tratamiento farmacol\u00f3gico en los casos que son necesarios y sobre todo se realiza la psicoeducaci\u00f3n con todo el entorno para sacar al paciente de la etapa de riesgo una vez que se supera la etapa continuamos con tratamiento, con control trimestral y seguimiento telef\u00f3nico\u201d<\/p>\n<p>Los motivos que pueden llevar a una persona a tomar esta decisi\u00f3n son muchos, \u201cExiste un porcentaje de personas con conductas adictivas que toman esta decisi\u00f3n, sin embargo, es complejo, muchas veces es una conducta compulsiva de una persona que se encuentra sobrepasada por una situaci\u00f3n. La mayor\u00eda habla despu\u00e9s del hecho situaci\u00f3n que facilita el abordaje, el problema es cuando no habla, ah\u00ed es peligroso\u201d remarc\u00f3 Salvador.<\/p>\n<p>Una vez que el paciente supera la situaci\u00f3n de riesgo, continua el tratamiento donde se registran otros problemas ya que muchos tienden a dejar el tratamiento no obstante el equipo buscan hacer un seguimiento de cada paciente \u201cEn los casos donde se presenta una patolog\u00eda psiqui\u00e1trica se notifica al juzgado de familia en el caso de que sea un menor edad, cuando se trata de adultos se trabaja con el \u00e1rea program\u00e1tica a cargo de Lilian Kisiel quien env\u00eda a una promotora de salud a hacer una vitita de seguimiento\u201d<\/p>\n<p>En el caso de pacientes con conductas adictivas trabajan de forma conjunta con el Centro de Adicciones de la Municipalidad \u201cMuchas veces nos enfrentamos a casos tremendamente dif\u00edciles con una patolog\u00eda dual donde se registra consumo problem\u00e1tico y crisis psic\u00f3ticas, en estos casos se puede proceder a internar, pero hay que aclarar que estas internaciones ahora se dan en Iguaz\u00fa y son por 24\/48 horas para una descompensaci\u00f3n psic\u00f3tica y deben seguir con el tratamiento\u201d<\/p>\n<p>Cabe destacar que en Argentina existe la Ley Nacional de Prevenci\u00f3n del Suicidio, que es aplicada por la Direcci\u00f3n Nacional de Abordaje Integral de Salud Mental, quienes implementan el Programa de Abordaje Integral de la Problem\u00e1tica del Suicidio. La misma tiene como prop\u00f3sito promover l\u00edneas de acci\u00f3n para el abordaje integral de la problem\u00e1tica de suicidio y ser un n\u00facleo articulador del trabajo interdisciplinario entre los distintos niveles de atenci\u00f3n, as\u00ed como de manera interministerial e interjurisdiccional. L\u00ednea de prevenci\u00f3n del suicidio: L\u00ednea 135 \/ (011) 5275-1135 o 0800-345-1435 desde cualquier punto del pa\u00eds.<\/p>\n<p>&nbsp;<\/p>\n","protected":false},"excerpt":{"rendered":"<p>Las cifras alarmantes indican que el 40% de los casos estar\u00edan relacionados a los consumos<\/p>\n","protected":false},"author":1,"featured_media":53955,"comment_status":"closed","ping_status":"open","sticky":false,"template":"","format":"standard","meta":{"footnotes":""},"categories":[1,226],"tags":[],"class_list":["post-53954","post","type-post","status-publish","format-standard","has-post-thumbnail","hentry","category-actualidad","category-locales"],"_links":{"self":[{"href":"https:\/\/actualizateiguazu.com\/v3\/wp-json\/wp\/v2\/posts\/53954","targetHints":{"allow":["GET"]}}],"collection":[{"href":"https:\/\/actualizateiguazu.com\/v3\/wp-json\/wp\/v2\/posts"}],"about":[{"href":"https:\/\/actualizateiguazu.com\/v3\/wp-json\/wp\/v2\/types\/post"}],"author":[{"embeddable":true,"href":"https:\/\/actualizateiguazu.com\/v3\/wp-json\/wp\/v2\/users\/1"}],"replies":[{"embeddable":true,"href":"https:\/\/actualizateiguazu.com\/v3\/wp-json\/wp\/v2\/comments?post=53954"}],"version-history":[{"count":1,"href":"https:\/\/actualizateiguazu.com\/v3\/wp-json\/wp\/v2\/posts\/53954\/revisions"}],"predecessor-version":[{"id":53956,"href":"https:\/\/actualizateiguazu.com\/v3\/wp-json\/wp\/v2\/posts\/53954\/revisions\/53956"}],"wp:featuredmedia":[{"embeddable":true,"href":"https:\/\/actualizateiguazu.com\/v3\/wp-json\/wp\/v2\/media\/53955"}],"wp:attachment":[{"href":"https:\/\/actualizateiguazu.com\/v3\/wp-json\/wp\/v2\/media?parent=53954"}],"wp:term":[{"taxonomy":"category","embeddable":true,"href":"https:\/\/actualizateiguazu.com\/v3\/wp-json\/wp\/v2\/categories?post=53954"},{"taxonomy":"post_tag","embeddable":true,"href":"https:\/\/actualizateiguazu.com\/v3\/wp-json\/wp\/v2\/tags?post=53954"}],"curies":[{"name":"wp","href":"https:\/\/api.w.org\/{rel}","templated":true}]}}