{"id":54016,"date":"2025-11-02T16:26:15","date_gmt":"2025-11-02T19:26:15","guid":{"rendered":"https:\/\/actualizateiguazu.com\/v3\/?p=54016"},"modified":"2025-11-02T16:26:51","modified_gmt":"2025-11-02T19:26:51","slug":"misiones-adora-presenta-a-redimi2-y-la-feria-para-celebrar-la-fe-en-posadas","status":"publish","type":"post","link":"https:\/\/actualizateiguazu.com\/v3\/2025\/11\/02\/misiones-adora-presenta-a-redimi2-y-la-feria-para-celebrar-la-fe-en-posadas\/","title":{"rendered":"Misiones Adora presenta a Redimi2 y La Feria para celebrar la fe en Posadas"},"content":{"rendered":"<p style=\"font-weight: 400;\">Luego de la exitosa antesala celebrada en septiembre, Misiones Adora completa el a\u00f1o con su evento principal el pr\u00f3ximo domingo 9 de noviembre. El encuentro musical de adoraci\u00f3n se realizar\u00e1 en el Complejo Arca, ubicado en la avenida Juan Manuel Fangio 4034, de Posadas. La apertura de las puertas ser\u00e1 a partir de las 16 horas.<\/p>\n<p style=\"font-weight: 400;\">La celebraci\u00f3n de fe y adoraci\u00f3n contar\u00e1 con la participaci\u00f3n del rapero dominicano Redimi2. El artista forma parte de los pioneros hispanos del g\u00e9nero, considerado como uno de los mayores exponentes del rap en la m\u00fasica cristiana.<\/p>\n<p style=\"font-weight: 400;\">Inici\u00f3 su carrera musical en el a\u00f1o 1999. Ha estado nominado en la categor\u00eda M\u00fasica Religiosa Contempor\u00e1nea en los Premios Casandra; adem\u00e1s en los Premios Heat como mejor canci\u00f3n religiosa; Premios Dove como \u00e1lbum en espa\u00f1ol y canci\u00f3n en espa\u00f1ol; y ha ganado en dos ocasiones la categor\u00eda Mejor \u00c1lbum Urbano en los Premios Arpa. Luego de m\u00e1s de dos d\u00e9cadas de trayectoria, fue nominado en los Premios Grammy Latinos con su disco Maverick.<\/p>\n<p style=\"font-weight: 400;\">Adem\u00e1s, volver\u00e1 a subir al escenario de Posadas \u201cLa Feria\u201d. Se trata de la banda integrada por Fede y Agus, originarios de San Nicol\u00e1s, Buenos Aires. Son los hijos del cantante y compositor Ulises Eyherabide, l\u00edder de la hist\u00f3rica banda Rescate que ha dejado huella en varias generaciones del continente.\u00a0 Los j\u00f3venes m\u00fasicos fueron parte del espect\u00e1culo inicial en la antesala de septiembre ante una gran multitud de seguidores, familias y grupos de amigos. As\u00ed, volver\u00e1n a desplegar su estilo propio con canciones donde mezclan diversos estilos sonoros, como el indie, pop, rock and roll, y folk. Sobre esas bases transmiten el mensaje que busca involucrar a su p\u00fablico en la adoraci\u00f3n.\u00a0En el mega evento tambi\u00e9n estar\u00e1 presente el Pastor Emanuel Fuchs que traer\u00e1 la palabra poderosa.<\/p>\n<p><img loading=\"lazy\" decoding=\"async\" class=\"alignnone size-full wp-image-54017\" src=\"https:\/\/actualizateiguazu.com\/v3\/wp-content\/uploads\/2025\/11\/IMG_5795.png\" alt=\"\" width=\"1080\" height=\"1350\" srcset=\"https:\/\/actualizateiguazu.com\/v3\/wp-content\/uploads\/2025\/11\/IMG_5795.png 1080w, https:\/\/actualizateiguazu.com\/v3\/wp-content\/uploads\/2025\/11\/IMG_5795-240x300.png 240w, https:\/\/actualizateiguazu.com\/v3\/wp-content\/uploads\/2025\/11\/IMG_5795-819x1024.png 819w, https:\/\/actualizateiguazu.com\/v3\/wp-content\/uploads\/2025\/11\/IMG_5795-768x960.png 768w\" sizes=\"auto, (max-width: 1080px) 100vw, 1080px\" \/> <img loading=\"lazy\" decoding=\"async\" class=\"alignnone size-full wp-image-54018\" src=\"https:\/\/actualizateiguazu.com\/v3\/wp-content\/uploads\/2025\/11\/Redimi2-2.jpg\" alt=\"\" width=\"1080\" height=\"1080\" srcset=\"https:\/\/actualizateiguazu.com\/v3\/wp-content\/uploads\/2025\/11\/Redimi2-2.jpg 1080w, https:\/\/actualizateiguazu.com\/v3\/wp-content\/uploads\/2025\/11\/Redimi2-2-300x300.jpg 300w, https:\/\/actualizateiguazu.com\/v3\/wp-content\/uploads\/2025\/11\/Redimi2-2-1024x1024.jpg 1024w, https:\/\/actualizateiguazu.com\/v3\/wp-content\/uploads\/2025\/11\/Redimi2-2-150x150.jpg 150w, https:\/\/actualizateiguazu.com\/v3\/wp-content\/uploads\/2025\/11\/Redimi2-2-768x768.jpg 768w\" sizes=\"auto, (max-width: 1080px) 100vw, 1080px\" \/><\/p>\n<p style=\"font-weight: 400;\"><strong>Para conseguir las entradas<\/strong><\/p>\n<p style=\"font-weight: 400;\">Los ingresos para el 9 de noviembre est\u00e1n disponibles en el siguiente link:\u00a0<a href=\"https:\/\/luzproduccionesoficial.fint.app\/eventos\/misiones-adora\" data-saferedirecturl=\"https:\/\/www.google.com\/url?q=https:\/\/luzproduccionesoficial.fint.app\/eventos\/misiones-adora&amp;source=gmail&amp;ust=1762197677401000&amp;usg=AOvVaw2jIjN2AUl6nDxqbs_kc2KD\">https:\/\/luzproduccionesoficial.fint.app\/eventos\/misiones-adora<\/a>.\u00a0Las entradas f\u00edsicas se consiguen en el Complejo Arca (avenida Fangio 4034, casi ex 213), de lunes a domingos de 18:00 a 21:00 horas. En ese caso, se acceder\u00e1 a un QR para presentar al ingreso del evento.\u00a0Tambi\u00e9n en el centro de Posadas, calle C\u00f3rdoba 1418, de 8:30 a 12:30 y de 16:30 a 19:30, de lunes a viernes. Adem\u00e1s, en Tambor de Tacuar\u00ed 5145 de 16:00 a 18:00 de lunes a viernes.<\/p>\n<p style=\"font-weight: 400;\">Las generales cuestan $30.000 cada una. Plateas a $35.000. Preferencial por $55.000. Y el sector VIP $70.000.\u00a0 Adem\u00e1s, en la oferta de Combos, se pueden conseguir 3 entradas generales a un valor de $75.000. O 10 ingresos generales por $200.000. Ni\u00f1as y ni\u00f1os pagan a partir de los 4 a\u00f1os de edad. Para m\u00e1s consultas est\u00e1 disponible el contacto directo al n\u00famero 3765245970. Tambi\u00e9n en las redes sociales de @luzproduccionesoficial y @casadeluzoficial.<\/p>\n<p style=\"font-weight: 400;\"><strong>Mega evento multitudinario para celebrar la adoraci\u00f3n<\/strong><\/p>\n<p style=\"font-weight: 400;\">Cabe recordar que Misiones Adora es organizado por Luz Producciones, una marca registrada en la regi\u00f3n para la realizaci\u00f3n de eventos de m\u00fasica gospel.<\/p>\n<p style=\"font-weight: 400;\">Por todo esto, al igual que ocurri\u00f3 el a\u00f1o pasado y en la antesala de septiembre, adem\u00e1s del p\u00fablico de la provincia, se espera la llegada de un gran contingente de p\u00fablico proveniente de Corrientes, Chaco, Formosa, Entre R\u00edos, Paraguay y Brasil. Cabe recordar que durante su primera edici\u00f3n del 2024, Misiones Adora congreg\u00f3 a m\u00e1s de 12.000 personas que formaron parte del hist\u00f3rico encuentro, uno de los eventos m\u00e1s masivos de los \u00faltimos 10 a\u00f1os.<\/p>\n<p style=\"font-weight: 400;\">\n","protected":false},"excerpt":{"rendered":"<p>Luego de la exitosa antesala celebrada en septiembre, Misiones Adora completa el a\u00f1o con su<\/p>\n","protected":false},"author":1,"featured_media":54018,"comment_status":"closed","ping_status":"open","sticky":false,"template":"","format":"standard","meta":{"footnotes":""},"categories":[1],"tags":[],"class_list":["post-54016","post","type-post","status-publish","format-standard","has-post-thumbnail","hentry","category-actualidad"],"_links":{"self":[{"href":"https:\/\/actualizateiguazu.com\/v3\/wp-json\/wp\/v2\/posts\/54016","targetHints":{"allow":["GET"]}}],"collection":[{"href":"https:\/\/actualizateiguazu.com\/v3\/wp-json\/wp\/v2\/posts"}],"about":[{"href":"https:\/\/actualizateiguazu.com\/v3\/wp-json\/wp\/v2\/types\/post"}],"author":[{"embeddable":true,"href":"https:\/\/actualizateiguazu.com\/v3\/wp-json\/wp\/v2\/users\/1"}],"replies":[{"embeddable":true,"href":"https:\/\/actualizateiguazu.com\/v3\/wp-json\/wp\/v2\/comments?post=54016"}],"version-history":[{"count":2,"href":"https:\/\/actualizateiguazu.com\/v3\/wp-json\/wp\/v2\/posts\/54016\/revisions"}],"predecessor-version":[{"id":54020,"href":"https:\/\/actualizateiguazu.com\/v3\/wp-json\/wp\/v2\/posts\/54016\/revisions\/54020"}],"wp:featuredmedia":[{"embeddable":true,"href":"https:\/\/actualizateiguazu.com\/v3\/wp-json\/wp\/v2\/media\/54018"}],"wp:attachment":[{"href":"https:\/\/actualizateiguazu.com\/v3\/wp-json\/wp\/v2\/media?parent=54016"}],"wp:term":[{"taxonomy":"category","embeddable":true,"href":"https:\/\/actualizateiguazu.com\/v3\/wp-json\/wp\/v2\/categories?post=54016"},{"taxonomy":"post_tag","embeddable":true,"href":"https:\/\/actualizateiguazu.com\/v3\/wp-json\/wp\/v2\/tags?post=54016"}],"curies":[{"name":"wp","href":"https:\/\/api.w.org\/{rel}","templated":true}]}}