{"id":54024,"date":"2025-11-02T17:15:07","date_gmt":"2025-11-02T20:15:07","guid":{"rendered":"https:\/\/actualizateiguazu.com\/v3\/?p=54024"},"modified":"2025-11-02T17:15:07","modified_gmt":"2025-11-02T20:15:07","slug":"toma-tu-ropa-y-arreglate-un-adolescente-fue-asistido-por-la-policia-tras-ser-abandonado-por-su-madre","status":"publish","type":"post","link":"https:\/\/actualizateiguazu.com\/v3\/2025\/11\/02\/toma-tu-ropa-y-arreglate-un-adolescente-fue-asistido-por-la-policia-tras-ser-abandonado-por-su-madre\/","title":{"rendered":"\u201cToma tu ropa y arreglate\u201d: un adolescente fue asistido por la Polic\u00eda tras ser abandonado por su madre"},"content":{"rendered":"<p>Un adolescente de 15 a\u00f1os fue asistido anoche por efectivos de la Comisar\u00eda Octava de la Unidad Regional X de Posadas, luego de ser hallado deambulando solo en inmediaciones de la Terminal de \u00d3mnibus, tras haber sido presuntamente abandonado por su madre.<\/p>\n<p>El procedimiento se inici\u00f3 cerca de las 22:30 horas, cuando operadores del sistema de videovigilancia del Centro Integral de Operaciones 911 detectaron a un joven que caminaba desorientado por la zona. De inmediato, una patrulla de la Seccional 8.\u00aa fue enviada al lugar, y los efectivos entablaron di\u00e1logo con el menor, quien relat\u00f3 que horas antes hab\u00edan salido del lugar donde alquilaban junto a su madre y su hermana menor.<\/p>\n<p>Seg\u00fan cont\u00f3, al llegar a la Terminal su progenitora le entreg\u00f3 sus pertenencias y le dijo la frase: \u201ctoma tu ropa y arreglate\u201d, antes de retirarse del sitio en un taxi con la ni\u00f1a, dej\u00e1ndolo solo en la v\u00eda p\u00fablica.<\/p>\n<p>Ante la situaci\u00f3n de vulnerabilidad, los uniformados activaron el protocolo de asistencia a menores, dando intervenci\u00f3n a la Defensor\u00eda de Menores y al Juzgado de turno. El adolescente fue examinado por el m\u00e9dico policial y posteriormente trasladado al Hogar de Ni\u00f1os San Lucas, donde qued\u00f3 bajo resguardo y contenci\u00f3n profesional.<\/p>\n<p>Paralelamente, con los datos aportados por el joven y los informes solicitados por la dependencia, la Polic\u00eda inici\u00f3 la b\u00fasqueda de la madre a fin de establecer su paradero y poner en conocimiento a las autoridades judiciales competentes.<\/p>\n","protected":false},"excerpt":{"rendered":"<p>Un adolescente de 15 a\u00f1os fue asistido anoche por efectivos de la Comisar\u00eda Octava de<\/p>\n","protected":false},"author":1,"featured_media":54025,"comment_status":"closed","ping_status":"open","sticky":false,"template":"","format":"standard","meta":{"footnotes":""},"categories":[1,228],"tags":[],"class_list":["post-54024","post","type-post","status-publish","format-standard","has-post-thumbnail","hentry","category-actualidad","category-policiales"],"_links":{"self":[{"href":"https:\/\/actualizateiguazu.com\/v3\/wp-json\/wp\/v2\/posts\/54024","targetHints":{"allow":["GET"]}}],"collection":[{"href":"https:\/\/actualizateiguazu.com\/v3\/wp-json\/wp\/v2\/posts"}],"about":[{"href":"https:\/\/actualizateiguazu.com\/v3\/wp-json\/wp\/v2\/types\/post"}],"author":[{"embeddable":true,"href":"https:\/\/actualizateiguazu.com\/v3\/wp-json\/wp\/v2\/users\/1"}],"replies":[{"embeddable":true,"href":"https:\/\/actualizateiguazu.com\/v3\/wp-json\/wp\/v2\/comments?post=54024"}],"version-history":[{"count":1,"href":"https:\/\/actualizateiguazu.com\/v3\/wp-json\/wp\/v2\/posts\/54024\/revisions"}],"predecessor-version":[{"id":54026,"href":"https:\/\/actualizateiguazu.com\/v3\/wp-json\/wp\/v2\/posts\/54024\/revisions\/54026"}],"wp:featuredmedia":[{"embeddable":true,"href":"https:\/\/actualizateiguazu.com\/v3\/wp-json\/wp\/v2\/media\/54025"}],"wp:attachment":[{"href":"https:\/\/actualizateiguazu.com\/v3\/wp-json\/wp\/v2\/media?parent=54024"}],"wp:term":[{"taxonomy":"category","embeddable":true,"href":"https:\/\/actualizateiguazu.com\/v3\/wp-json\/wp\/v2\/categories?post=54024"},{"taxonomy":"post_tag","embeddable":true,"href":"https:\/\/actualizateiguazu.com\/v3\/wp-json\/wp\/v2\/tags?post=54024"}],"curies":[{"name":"wp","href":"https:\/\/api.w.org\/{rel}","templated":true}]}}