{"id":54069,"date":"2025-11-03T07:31:22","date_gmt":"2025-11-03T10:31:22","guid":{"rendered":"https:\/\/actualizateiguazu.com\/v3\/?p=54069"},"modified":"2025-11-03T07:31:22","modified_gmt":"2025-11-03T10:31:22","slug":"denunciaron-al-director-de-obras-privadas-de-iguazu-ante-el-colegio-de-arquitectos-de-la-provincia-de-misiones","status":"publish","type":"post","link":"https:\/\/actualizateiguazu.com\/v3\/2025\/11\/03\/denunciaron-al-director-de-obras-privadas-de-iguazu-ante-el-colegio-de-arquitectos-de-la-provincia-de-misiones\/","title":{"rendered":"Denunciaron al director de obras privadas de Iguaz\u00fa ante el Colegio de Arquitectos de la Provincia de Misiones"},"content":{"rendered":"<p>La denuncia fue cursada el pasado viernes al Tribunal de Disciplina de la instituci\u00f3n y asegura que el director de Obras privadas Arturo Garc\u00eda incurre en el incumplimiento de una o m\u00e1s faltas, relacionadas con la \u00c9tica Profesional.<\/p>\n<p>Hace poco m\u00e1s de 20 d\u00edas el Arquitecto y Concejal Alejandro Ver\u00f3n hizo p\u00fablico mediante sus redes sociales una situaci\u00f3n los profesionales sufren de forma constante ya que la persona que ocupa el cargo de Director de Obras p\u00fablicas muchas veces ha insinuado a los clientes que si ciertos arquitectos llevan adelante los proyectos se encuentran con problema al momento de la aprobaci\u00f3n de los proyectos. El edil remarc\u00f3 que Garc\u00eda esta de los dos lados del mostrador, aprobando sus propios proyectos arquitect\u00f3nicos benefici\u00e1ndose as\u00ed de su posici\u00f3n de poder.<\/p>\n<p>La denuncia reza \u201cVengo a exponer lo siguiente; Arquitecto Arturo Agust\u00edn Garc\u00eda, quien ejerce el cargo de director de Obras Privadas de la Municipalidad de Puerto Iguaz\u00fa; incurre en el incumplimiento de una o m\u00e1s faltas, relacionadas con la \u00c9tica Profesional\u201d a continuaci\u00f3n detalla ciertas situaciones.<\/p>\n<p>Adem\u00e1s, la denuncia adjunta un anexo con material gr\u00e1fico \u201cElementos que demuestran la existencia de una sociedad irregular entre funcionarios municipales, constituida como \u201cETER Arquitectura y Dise\u00f1o\u201d. Se observa que, como dato de contacto, se indica el n\u00famero de tel\u00e9fono personal del Director de Obras Privadas. La misma, se ha beneficiado de su posici\u00f3n de privilegio para establecer v\u00ednculos comerciales, modificar ordenanzas, generar proyectos y ejecutar obras (se aclara que existen m\u00e1s obras relacionadas con la sociedad irregular). Todas estas actividades, relacionados con el ejercicio de la profesi\u00f3n\u201d<\/p>\n<p>Casi en simultaneo el pasado jueves el Concejal Alejando Ver\u00f3n presento un pedido de interpelaci\u00f3n que ingreso por mesa de entrada en el Honorable Concejo Deliberante. El expediente 66\/25 tomar\u00e1 estado parlamentario la pr\u00f3xima sesi\u00f3n ordinaria que se prev\u00e9 ser\u00e1 el 6 de noviembre.<\/p>\n<p>\u201cEl pedido de interpelaci\u00f3n al Director de Obras Privadas del Municipio de Puerto Iguaz\u00fa, enviado desde el Honorable Concejo Deliberante de la Ciudad de Puerto Iguaz\u00fa. La misma est\u00e1 motivada por la relaci\u00f3n entre la participaci\u00f3n del Director de Obras Privadas como coordinador de la modificaci\u00f3n del Plan Regulador del Municipio de Puerto Iguaz\u00fa, en el a\u00f1o 2024 y la presentaci\u00f3n de un proyecto de inversi\u00f3n, donde se solicita la venta de tierras, encomendado por un particular; donde la sociedad mencionada como irregular entre funcionarios municipales se adjudica la autor\u00eda del mismo. Adem\u00e1s de la modificaci\u00f3n de indicadores de suelos para presuntamente beneficio personal\u201d remarca la denuncia<\/p>\n<p>Ademas el texto de la denuncia resalta que en la sesi\u00f3n ordinaria del d\u00eda 26\/09\/2024, se advirti\u00f3 de esta situaci\u00f3n, mencionando la especulaci\u00f3n inmobiliaria y la modificaci\u00f3n de indicadores, todo esto consta en el ACTA N\u00ba 19\/24 de la sesi\u00f3n ordinaria mencionada.<\/p>\n<p>Dicho anexo detalla con material gr\u00e1fico vinculado a la constituci\u00f3n del \u201cEquipo Municipal de Coordinaci\u00f3n de Programas y Proyectos o EMCEPP\u201d donde se establece que los integrantes y coordinadores del mismo, son los funcionarios municipales titulares de \u201cETER Arquitectura y Dise\u00f1o\u201d.<\/p>\n<p>Y por \u00faltimo expone material gr\u00e1fico vinculado a la relaci\u00f3n establecida entre los funcionarios municipales titulares de \u201cETER Arquitectura y Dise\u00f1o\u201d, y contratistas que ejecutan obra p\u00fablica y privada. Se establece la relaci\u00f3n, entre funcionarios municipales y el contratista a cargo de la obra donde falleci\u00f3 Javier Jes\u00fas Gonz\u00e1lez, el pasado 23 de septiembre del 2025, obra que no fue clausurada hasta el d\u00eda de hoy, por la relaci\u00f3n directa de los funcionarios municipales titulares de \u201cETER Arquitectura y Dise\u00f1o\u201d.<\/p>\n<p>Seg\u00fan pudo averiguar este medio, el Tribunal de Disciplina del Colegio de Arquitectos de la provincia de Misiones debe emitir un dictamen en 5 d\u00edas al respecto.<\/p>\n<p>&nbsp;<\/p>\n","protected":false},"excerpt":{"rendered":"<p>La denuncia fue cursada el pasado viernes al Tribunal de Disciplina de la instituci\u00f3n y<\/p>\n","protected":false},"author":1,"featured_media":54070,"comment_status":"closed","ping_status":"open","sticky":false,"template":"","format":"standard","meta":{"footnotes":""},"categories":[1,226],"tags":[],"class_list":["post-54069","post","type-post","status-publish","format-standard","has-post-thumbnail","hentry","category-actualidad","category-locales"],"_links":{"self":[{"href":"https:\/\/actualizateiguazu.com\/v3\/wp-json\/wp\/v2\/posts\/54069","targetHints":{"allow":["GET"]}}],"collection":[{"href":"https:\/\/actualizateiguazu.com\/v3\/wp-json\/wp\/v2\/posts"}],"about":[{"href":"https:\/\/actualizateiguazu.com\/v3\/wp-json\/wp\/v2\/types\/post"}],"author":[{"embeddable":true,"href":"https:\/\/actualizateiguazu.com\/v3\/wp-json\/wp\/v2\/users\/1"}],"replies":[{"embeddable":true,"href":"https:\/\/actualizateiguazu.com\/v3\/wp-json\/wp\/v2\/comments?post=54069"}],"version-history":[{"count":1,"href":"https:\/\/actualizateiguazu.com\/v3\/wp-json\/wp\/v2\/posts\/54069\/revisions"}],"predecessor-version":[{"id":54071,"href":"https:\/\/actualizateiguazu.com\/v3\/wp-json\/wp\/v2\/posts\/54069\/revisions\/54071"}],"wp:featuredmedia":[{"embeddable":true,"href":"https:\/\/actualizateiguazu.com\/v3\/wp-json\/wp\/v2\/media\/54070"}],"wp:attachment":[{"href":"https:\/\/actualizateiguazu.com\/v3\/wp-json\/wp\/v2\/media?parent=54069"}],"wp:term":[{"taxonomy":"category","embeddable":true,"href":"https:\/\/actualizateiguazu.com\/v3\/wp-json\/wp\/v2\/categories?post=54069"},{"taxonomy":"post_tag","embeddable":true,"href":"https:\/\/actualizateiguazu.com\/v3\/wp-json\/wp\/v2\/tags?post=54069"}],"curies":[{"name":"wp","href":"https:\/\/api.w.org\/{rel}","templated":true}]}}