{"id":54118,"date":"2025-11-03T21:05:22","date_gmt":"2025-11-04T00:05:22","guid":{"rendered":"https:\/\/actualizateiguazu.com\/v3\/?p=54118"},"modified":"2025-11-03T21:05:22","modified_gmt":"2025-11-04T00:05:22","slug":"festival-ningun-pibe-con-hambre-se-realizara-por-primera-vez-en-misiones","status":"publish","type":"post","link":"https:\/\/actualizateiguazu.com\/v3\/2025\/11\/03\/festival-ningun-pibe-con-hambre-se-realizara-por-primera-vez-en-misiones\/","title":{"rendered":"\u00a0Festival \u201cNing\u00fan Pibe con Hambre\u201d se realizar\u00e1 por primera vez en Misiones"},"content":{"rendered":"<p>El pr\u00f3ximo <strong>domingo 9 de noviembre<\/strong>, la costanera de <strong>Eldorado<\/strong> ser\u00e1 escenario del <strong>Festival \u201cNing\u00fan Pibe con Hambre\u201d<\/strong>, un encuentro solidario que incluir\u00e1 <strong>feria y m\u00fasica en vivo<\/strong> desde las <strong>17 hasta las 24 horas.<\/strong><\/p>\n<p>La iniciativa tiene como objetivo <strong>recaudar alimentos y sumar suscriptores<\/strong> a la campa\u00f1a nacional impulsada por el <strong>Movimiento de Trabajadores Excluidos (MTE)<\/strong>, que sostiene a merenderos y comedores populares en todo el pa\u00eds.<\/p>\n<p>Lanzada hace un a\u00f1o ante la interrupci\u00f3n del env\u00edo de alimentos a los comedores, la campa\u00f1a \u201cNing\u00fan Pibe con Hambre\u201d logr\u00f3 distribuir <strong>m\u00e1s de 200 toneladas de alimentos<\/strong> en <strong>13 provincias<\/strong>, sosteniendo <strong>m\u00e1s de 250 espacios comunitarios<\/strong>. En Misiones, el programa acompa\u00f1a <strong>36 espacios,<\/strong> de los cuales <strong>7 merenderos y un comedor<\/strong> se encuentran en Eldorado, brindando asistencia semanal a <strong>m\u00e1s de 250 personas<\/strong>, entre ni\u00f1as, ni\u00f1os y adultos mayores.<\/p>\n<p>Durante el festival se recibir\u00e1n donaciones de alimentos no perecederos, y el p\u00fablico podr\u00e1 disfrutar de <strong>artistas misioneros<\/strong> que se suman a esta propuesta solidaria. Adem\u00e1s, quienes deseen participar como <strong>feriantes<\/strong> podr\u00e1n inscribirse hasta el\u00a0 <strong>martes 4 de noviembre<\/strong>.<\/p>\n<p>El Festival se enmarca en una serie de actividades realizadas en todo el pa\u00eds junto a artistas como <strong>Lali Esp\u00f3sito, Eruca Sativa, Nonpalidece, La Delio Valdez, Bersuit Vergarabat, El Mat\u00f3 a un Polic\u00eda Motorizado<\/strong> y <strong>El Kuelgue<\/strong>, que transformaron sus recitales en colectas masivas de alimentos.<\/p>\n<p><img loading=\"lazy\" decoding=\"async\" class=\"alignnone size-full wp-image-54120\" src=\"https:\/\/actualizateiguazu.com\/v3\/wp-content\/uploads\/2025\/11\/WhatsApp-Image-2025-11-03-at-19.22.56.jpeg\" alt=\"\" width=\"1280\" height=\"960\" srcset=\"https:\/\/actualizateiguazu.com\/v3\/wp-content\/uploads\/2025\/11\/WhatsApp-Image-2025-11-03-at-19.22.56.jpeg 1280w, https:\/\/actualizateiguazu.com\/v3\/wp-content\/uploads\/2025\/11\/WhatsApp-Image-2025-11-03-at-19.22.56-300x225.jpeg 300w, https:\/\/actualizateiguazu.com\/v3\/wp-content\/uploads\/2025\/11\/WhatsApp-Image-2025-11-03-at-19.22.56-1024x768.jpeg 1024w, https:\/\/actualizateiguazu.com\/v3\/wp-content\/uploads\/2025\/11\/WhatsApp-Image-2025-11-03-at-19.22.56-768x576.jpeg 768w, https:\/\/actualizateiguazu.com\/v3\/wp-content\/uploads\/2025\/11\/WhatsApp-Image-2025-11-03-at-19.22.56-720x540.jpeg 720w\" sizes=\"auto, (max-width: 1280px) 100vw, 1280px\" \/><\/p>\n<p>La campa\u00f1a no solo cubre lo que deja la\u00a0 ausencia del Gobierno Nacional, sino tambi\u00e9n la insuficiencia del aporte alimentario para los merenderos por parte del Gobierno de Misiones. La provincia cuenta con una Ley de\u00a0 Emergencia Alimentaria, que exige una Mesa de Emergencia Alimentaria en cada localidad para articular con las organizaciones que tratan dicha tarea, pero esto no se cumple en la gran mayor\u00eda del territorio. Este evento, visibiliza la necesidad de aumentar los esfuerzos provinciales como la ausencia e indiferencia del nacional, para acompa\u00f1ar con alimento en donde hay hambre.<\/p>\n<p>Desde la Campa\u00f1a, consideran que la empat\u00eda y la solidaridad de la municipalidad debe acompa\u00f1ar este festival ante el contexto de hambre que atravesamos.<\/p>\n<p>Es importante el apoyo de la sociedad de Eldorado y de los misioneros en general, tanto para las mujeres que todos los d\u00edas le hacen frente al hambre en los barrios populares, como para las familias que lo sufren. \u201c<strong>Somos una alternativa ante el narcotr\u00e1fico, una problem\u00e1tica que crece en el pa\u00eds, y en particular en la localidad. Solas no podemos, necesitamos el apoyo de una sociedad y un gobierno comprometido y solidario con los barrios populares<\/strong>\u201d comentan desde el MTE.<\/p>\n<p>Desde el MTE se\u00f1alaron que \u201cla solidaridad organizada del pueblo es una fuerza imparable\u201d y destacaron la importancia del <strong>acompa\u00f1amiento del municipio y de la comunidad<\/strong> para seguir sosteniendo los comedores y merenderos en un contexto social marcado por el aumento del hambre y la desigualdad.<\/p>\n<p>Para saber m\u00e1s sobre la campa\u00f1a pueden acceder a: <a href=\"https:\/\/infanciasmte.ar\/\">https:\/\/infanciasmte.ar\/<\/a><\/p>\n","protected":false},"excerpt":{"rendered":"<p>El pr\u00f3ximo domingo 9 de noviembre, la costanera de Eldorado ser\u00e1 escenario del Festival \u201cNing\u00fan<\/p>\n","protected":false},"author":1,"featured_media":54119,"comment_status":"closed","ping_status":"open","sticky":false,"template":"","format":"standard","meta":{"footnotes":""},"categories":[1,229],"tags":[],"class_list":["post-54118","post","type-post","status-publish","format-standard","has-post-thumbnail","hentry","category-actualidad","category-provinciales"],"_links":{"self":[{"href":"https:\/\/actualizateiguazu.com\/v3\/wp-json\/wp\/v2\/posts\/54118","targetHints":{"allow":["GET"]}}],"collection":[{"href":"https:\/\/actualizateiguazu.com\/v3\/wp-json\/wp\/v2\/posts"}],"about":[{"href":"https:\/\/actualizateiguazu.com\/v3\/wp-json\/wp\/v2\/types\/post"}],"author":[{"embeddable":true,"href":"https:\/\/actualizateiguazu.com\/v3\/wp-json\/wp\/v2\/users\/1"}],"replies":[{"embeddable":true,"href":"https:\/\/actualizateiguazu.com\/v3\/wp-json\/wp\/v2\/comments?post=54118"}],"version-history":[{"count":1,"href":"https:\/\/actualizateiguazu.com\/v3\/wp-json\/wp\/v2\/posts\/54118\/revisions"}],"predecessor-version":[{"id":54121,"href":"https:\/\/actualizateiguazu.com\/v3\/wp-json\/wp\/v2\/posts\/54118\/revisions\/54121"}],"wp:featuredmedia":[{"embeddable":true,"href":"https:\/\/actualizateiguazu.com\/v3\/wp-json\/wp\/v2\/media\/54119"}],"wp:attachment":[{"href":"https:\/\/actualizateiguazu.com\/v3\/wp-json\/wp\/v2\/media?parent=54118"}],"wp:term":[{"taxonomy":"category","embeddable":true,"href":"https:\/\/actualizateiguazu.com\/v3\/wp-json\/wp\/v2\/categories?post=54118"},{"taxonomy":"post_tag","embeddable":true,"href":"https:\/\/actualizateiguazu.com\/v3\/wp-json\/wp\/v2\/tags?post=54118"}],"curies":[{"name":"wp","href":"https:\/\/api.w.org\/{rel}","templated":true}]}}