{"id":54279,"date":"2025-11-05T08:59:55","date_gmt":"2025-11-05T11:59:55","guid":{"rendered":"https:\/\/actualizateiguazu.com\/v3\/?p=54279"},"modified":"2025-11-05T08:59:55","modified_gmt":"2025-11-05T11:59:55","slug":"una-joven-fallecio-y-un-adolescente-resulto-gravemente-herido-tras-un-siniestro-vial-en-wanda","status":"publish","type":"post","link":"https:\/\/actualizateiguazu.com\/v3\/2025\/11\/05\/una-joven-fallecio-y-un-adolescente-resulto-gravemente-herido-tras-un-siniestro-vial-en-wanda\/","title":{"rendered":"Una joven falleci\u00f3 y un adolescente result\u00f3 gravemente herido tras un siniestro vial en Wanda"},"content":{"rendered":"<p>La v\u00edctima fatal fue identificada como Jenifer Servian de 18 a\u00f1os, fue trasladada con vida al nosocomio donde horas despues dej\u00f3 de existir debido a un traumatismo de craneo.<\/p>\n<p>Un grave siniestro vial ocurrido en horas de la noche de ayer martes sobre la Ruta Provincial N.\u00ba 19, a la altura de la intersecci\u00f3n con la Calle Los Cosecheros, de la localidad de Wanda, dej\u00f3 como saldo una joven fallecida y un menor con lesiones de consideraci\u00f3n.<\/p>\n<p>De acuerdo con las primeras averiguaciones, alrededor de las 20hs un autom\u00f3vil Renault Symbol conducido por Johana M. (38) circulaba por la mencionada ruta cuando, por causas que se tratan de establecer, colision\u00f3 con una motocicleta Zanella 110 cc al mando de Jovani S. (17), quien iba acompa\u00f1ado por Jenifer Servian (18).<\/p>\n<p>Ambos ocupantes del rodado menor fueron trasladados de urgencia al Hospital SAMIC de Eldorado, donde horas m\u00e1s tarde se produjo el deceso de la joven a ra\u00edz de un traumatismo de cr\u00e1neo, mientras que el conductor permanece internado con lesiones graves.<\/p>\n<p>En el lugar trabajaron efectivos de la Comisar\u00eda de Wanda, personal de la Divisi\u00f3n Polic\u00eda Cient\u00edfica y Bomberos de la UR-V. Por orden judicial se procedi\u00f3 al secuestro de los veh\u00edculos involucrados y se notific\u00f3 de la causa a la conductora del autom\u00f3vil.<\/p>\n","protected":false},"excerpt":{"rendered":"<p>La v\u00edctima fatal fue identificada como Jenifer Servian de 18 a\u00f1os, fue trasladada con vida<\/p>\n","protected":false},"author":1,"featured_media":54280,"comment_status":"closed","ping_status":"open","sticky":false,"template":"","format":"standard","meta":{"footnotes":""},"categories":[1,228],"tags":[],"class_list":["post-54279","post","type-post","status-publish","format-standard","has-post-thumbnail","hentry","category-actualidad","category-policiales"],"_links":{"self":[{"href":"https:\/\/actualizateiguazu.com\/v3\/wp-json\/wp\/v2\/posts\/54279","targetHints":{"allow":["GET"]}}],"collection":[{"href":"https:\/\/actualizateiguazu.com\/v3\/wp-json\/wp\/v2\/posts"}],"about":[{"href":"https:\/\/actualizateiguazu.com\/v3\/wp-json\/wp\/v2\/types\/post"}],"author":[{"embeddable":true,"href":"https:\/\/actualizateiguazu.com\/v3\/wp-json\/wp\/v2\/users\/1"}],"replies":[{"embeddable":true,"href":"https:\/\/actualizateiguazu.com\/v3\/wp-json\/wp\/v2\/comments?post=54279"}],"version-history":[{"count":1,"href":"https:\/\/actualizateiguazu.com\/v3\/wp-json\/wp\/v2\/posts\/54279\/revisions"}],"predecessor-version":[{"id":54281,"href":"https:\/\/actualizateiguazu.com\/v3\/wp-json\/wp\/v2\/posts\/54279\/revisions\/54281"}],"wp:featuredmedia":[{"embeddable":true,"href":"https:\/\/actualizateiguazu.com\/v3\/wp-json\/wp\/v2\/media\/54280"}],"wp:attachment":[{"href":"https:\/\/actualizateiguazu.com\/v3\/wp-json\/wp\/v2\/media?parent=54279"}],"wp:term":[{"taxonomy":"category","embeddable":true,"href":"https:\/\/actualizateiguazu.com\/v3\/wp-json\/wp\/v2\/categories?post=54279"},{"taxonomy":"post_tag","embeddable":true,"href":"https:\/\/actualizateiguazu.com\/v3\/wp-json\/wp\/v2\/tags?post=54279"}],"curies":[{"name":"wp","href":"https:\/\/api.w.org\/{rel}","templated":true}]}}