{"id":54399,"date":"2025-11-06T07:35:14","date_gmt":"2025-11-06T10:35:14","guid":{"rendered":"https:\/\/actualizateiguazu.com\/v3\/?p=54399"},"modified":"2025-11-06T07:35:14","modified_gmt":"2025-11-06T10:35:14","slug":"continua-vigente-la-convocatoria-para-ser-parte-del-sistema-de-acogimiento-familiar-alternativo","status":"publish","type":"post","link":"https:\/\/actualizateiguazu.com\/v3\/2025\/11\/06\/continua-vigente-la-convocatoria-para-ser-parte-del-sistema-de-acogimiento-familiar-alternativo\/","title":{"rendered":"Continua vigente la convocatoria para ser parte del Sistema de Acogimiento Familiar Alternativo"},"content":{"rendered":"<p>Estas familias tienen la funci\u00f3n principal de brindar cuidado y contenci\u00f3n ni\u00f1os que, por resoluci\u00f3n administrativa y\/o judicial, debi\u00f3 ser separado de su familia de origen. La Familia de Acogida se hace responsable en t\u00e9rminos amplios, de aspectos b\u00e1sicos como vivienda, educaci\u00f3n y alimentaci\u00f3n.<\/p>\n<p>Con el objetivo de garantizar la protecci\u00f3n de Ni\u00f1os, Ni\u00f1as y Adolescentes (NNyA) que se encuentran sin cuidados parentales en Misiones, contin\u00faa vigente la convocatoria para sumarse al Sistema de Acogimiento Familiar Alternativo. Se trata de una iniciativa que parte de la Defensor\u00eda Provincial de los Derechos de los Ni\u00f1os, Ni\u00f1as y Adolescentes que apunta a asegurar, en un \u00e1mbito familiar y comunitario, el derecho a la convivencia familiar, mediante la atenci\u00f3n y cuidado a NNyA cuyos derechos han sido vulnerados.<\/p>\n<p>La coordinadora del Sistema de Acogimiento Familiar Alternativo, Lic. Valeria Bongers hizo hincapi\u00e9 en los requisitos que deben cumplir las familias que est\u00e9n interesadas en sumarse y explic\u00f3 que \u201cse debe tener m\u00e1s de 25 de a\u00f1os de edad, no contar con antecedentes penales, estar residiendo en la provincia de Misiones desde hace dos a\u00f1os o m\u00e1s, poder cumplir un apto psicol\u00f3gico, contar con ingresos econ\u00f3micos y acreditarlos, y sobre todo abrir su familia, su hogar y su coraz\u00f3n para poder alojar a estos ni\u00f1os, ni\u00f1as y adolescentes en forme temporaria y transitoria\u201d, subray\u00f3.<\/p>\n<p>En ese sentido manifest\u00f3 que \u201cno es lo mismo que un ni\u00f1o pueda desarrollarse en un dispositivo de cuidado alternativo, a que pueda ser acompa\u00f1ado por una familia en su desarrollo f\u00edsico, psicol\u00f3gico, social e intelectual de forma transitoria, hasta que vuelva con su familia de origen, se revincule con su familia extensa, o sea declarada su situaci\u00f3n de adoptabilidad\u201d, afirm\u00f3.<\/p>\n<p>A su vez dio cuenta que \u201ces importante que las familias cumplan con todos estos requisitos y est\u00e9n registradas en el Sistema de Acogimiento Familiar, as\u00ed, cuando la Justicia, el Ministerio de Salud provincial o alguna Direcci\u00f3n de Ni\u00f1ez y Adolescencia municipal requiera de una familia ser\u00e1n evaluadas. Nosotros confiamos much\u00edsimo en Salud P\u00fablica y en los profesionales que est\u00e1n trabajando con nosotros cuando nos dicen que una familia es o no es apta\u201d, expres\u00f3 Bongers.<\/p>\n<p>Por otra parte coment\u00f3 que \u201chay familias que han realizado varios acogimientos y teniendo en cuenta el art\u00edculo 11 de la Ley II-N\u00ba36, hablamos de familias de apoyo o de acogimiento inmediato, que cumplen con todos los requisitos y que pueden hacer acogidas de hasta 10 d\u00edas\u201d, detall\u00f3.<\/p>\n<p>En este a\u00f1o se est\u00e1 dando continuidad a las capacitaciones y jornadas informativas y en tal sentido, la licenciada expuso que \u201cel a\u00f1o pasado capacitamos el 56 por ciento de la provincia con el objetivo de instalar el concepto de lo que es ser una familia de acogida. Este a\u00f1o estuvimos en Ap\u00f3stoles, Montecarlo, San Vicente, Ober\u00e1, entre otras localidades, buscando familias para que se sumen al Registro \u00danico de Familias Aspirantes al Acogimiento Familiar Alternativo (RUFAAFA)\u201d, que funciona dentro de la Defensor\u00eda de los Derechos de los Ni\u00f1os, Ni\u00f1as y Adolescentes de la Provincia.<\/p>\n<p>\u201cEn este sentido, d\u00edas atr\u00e1s estuvimos en Ober\u00e1 realizando una capacitaci\u00f3n sobre Salud Mental destinada al equipo sanitario. Esto fue parte de una tarea en conjunto que llevamos delante de manera constante con el Ministerio de Salud P\u00fablica de la Provincia\u201d, a\u00f1adi\u00f3.<\/p>\n<p>Cabe resaltar que los interesados en recibir m\u00e1s informaci\u00f3n sobre Acogimiento Familiar pueden contactarse v\u00eda WhatsApp al n\u00famero 3765-013246, v\u00eda correo electr\u00f3nico a familiadeacogidamisiones@gmail.com o se pueden acercar a la sede de la Defensor\u00eda Provincial, ubicada en calle F\u00e9lix de Azara 2.560, casi avenida Mitre, en Posadas.<\/p>\n","protected":false},"excerpt":{"rendered":"<p>Estas familias tienen la funci\u00f3n principal de brindar cuidado y contenci\u00f3n ni\u00f1os que, por resoluci\u00f3n<\/p>\n","protected":false},"author":1,"featured_media":54400,"comment_status":"closed","ping_status":"open","sticky":false,"template":"","format":"standard","meta":{"footnotes":""},"categories":[1,226],"tags":[],"class_list":["post-54399","post","type-post","status-publish","format-standard","has-post-thumbnail","hentry","category-actualidad","category-locales"],"_links":{"self":[{"href":"https:\/\/actualizateiguazu.com\/v3\/wp-json\/wp\/v2\/posts\/54399","targetHints":{"allow":["GET"]}}],"collection":[{"href":"https:\/\/actualizateiguazu.com\/v3\/wp-json\/wp\/v2\/posts"}],"about":[{"href":"https:\/\/actualizateiguazu.com\/v3\/wp-json\/wp\/v2\/types\/post"}],"author":[{"embeddable":true,"href":"https:\/\/actualizateiguazu.com\/v3\/wp-json\/wp\/v2\/users\/1"}],"replies":[{"embeddable":true,"href":"https:\/\/actualizateiguazu.com\/v3\/wp-json\/wp\/v2\/comments?post=54399"}],"version-history":[{"count":1,"href":"https:\/\/actualizateiguazu.com\/v3\/wp-json\/wp\/v2\/posts\/54399\/revisions"}],"predecessor-version":[{"id":54401,"href":"https:\/\/actualizateiguazu.com\/v3\/wp-json\/wp\/v2\/posts\/54399\/revisions\/54401"}],"wp:featuredmedia":[{"embeddable":true,"href":"https:\/\/actualizateiguazu.com\/v3\/wp-json\/wp\/v2\/media\/54400"}],"wp:attachment":[{"href":"https:\/\/actualizateiguazu.com\/v3\/wp-json\/wp\/v2\/media?parent=54399"}],"wp:term":[{"taxonomy":"category","embeddable":true,"href":"https:\/\/actualizateiguazu.com\/v3\/wp-json\/wp\/v2\/categories?post=54399"},{"taxonomy":"post_tag","embeddable":true,"href":"https:\/\/actualizateiguazu.com\/v3\/wp-json\/wp\/v2\/tags?post=54399"}],"curies":[{"name":"wp","href":"https:\/\/api.w.org\/{rel}","templated":true}]}}