{"id":54423,"date":"2025-11-06T17:35:38","date_gmt":"2025-11-06T20:35:38","guid":{"rendered":"https:\/\/actualizateiguazu.com\/v3\/?p=54423"},"modified":"2025-11-06T17:35:38","modified_gmt":"2025-11-06T20:35:38","slug":"con-un-sencillo-pero-emotivo-acto-celebraron-el-dia-de-los-parques-nacionales-en-iguazu","status":"publish","type":"post","link":"https:\/\/actualizateiguazu.com\/v3\/2025\/11\/06\/con-un-sencillo-pero-emotivo-acto-celebraron-el-dia-de-los-parques-nacionales-en-iguazu\/","title":{"rendered":"Con un sencillo pero emotivo acto, celebraron el d\u00eda de los Parques Nacionales en Iguaz\u00fa"},"content":{"rendered":"<p>Como hace 35 a\u00f1os la Sra. Dora Escarlata dono una nueva bandera para el pabell\u00f3n nacional que se izo durante el acto por los 122 a\u00f1o de la creaci\u00f3n del 1\u00ba Parque Nacional<\/p>\n<p>Hace 122 a\u00f1os se creo el primer Parque Nacional que tuvo como fin conservar la diversidad de la zona, es por ello que todos los 6 de noviembre desde Parques Nacionales celebran la acertada decisi\u00f3n del Dr Perito Moreno de cuidar la naturaleza para las generaciones venideras. En este marco se realiz\u00f3 un sencillo pero emotivo acto en el acceso al Parque Nacional Iguaz\u00fa para recordar este hecho y resaltar la tarea de todo el equipo de guardaparques que trabaja diariamente en la conservaci\u00f3n.<\/p>\n<p><img loading=\"lazy\" decoding=\"async\" class=\"alignnone size-full wp-image-54426\" src=\"https:\/\/actualizateiguazu.com\/v3\/wp-content\/uploads\/2025\/11\/IMG_20251106_094319-scaled.jpg\" alt=\"\" width=\"2560\" height=\"1928\" srcset=\"https:\/\/actualizateiguazu.com\/v3\/wp-content\/uploads\/2025\/11\/IMG_20251106_094319-scaled.jpg 2560w, https:\/\/actualizateiguazu.com\/v3\/wp-content\/uploads\/2025\/11\/IMG_20251106_094319-300x226.jpg 300w, https:\/\/actualizateiguazu.com\/v3\/wp-content\/uploads\/2025\/11\/IMG_20251106_094319-1024x771.jpg 1024w, https:\/\/actualizateiguazu.com\/v3\/wp-content\/uploads\/2025\/11\/IMG_20251106_094319-768x578.jpg 768w, https:\/\/actualizateiguazu.com\/v3\/wp-content\/uploads\/2025\/11\/IMG_20251106_094319-1536x1157.jpg 1536w, https:\/\/actualizateiguazu.com\/v3\/wp-content\/uploads\/2025\/11\/IMG_20251106_094319-2048x1542.jpg 2048w\" sizes=\"auto, (max-width: 2560px) 100vw, 2560px\" \/><\/p>\n<p>El d\u00eda 6 de noviembre de 1903, el Dr. Perito Francisco P. Moreno (explorador, ge\u00f3logo y paleont\u00f3logo) don\u00f3 al Estado Nacional una fracci\u00f3n de terreno, con la expresa finalidad de \u00abmantener su fisonom\u00eda natural y que las obras que se realicen s\u00f3lo sean aquellas que faciliten comodidad, esparcimiento y descanso para la vida del visitante\u00bb, de las presentes y futuras generaciones.<\/p>\n<p>Esta donaci\u00f3n constituye el n\u00facleo b\u00e1sico original del actual Parque Nacional Nahuel Huapi. Argentina fue el primer pa\u00eds en Latinoam\u00e9rica y el tercero en el mundo en crear un Parque Nacional. En reconocimiento a la importante donaci\u00f3n del Dr. Perito Francisco Moreno, cada 6 de noviembre se celebra el D\u00eda de los Parques Nacionales Argentinos. Cabe destacar que la segunda \u00e1rea protegida creada en el pa\u00eds es el Parque Nacional Iguaz\u00fa en el a\u00f1o 1934.<\/p>\n<p><img loading=\"lazy\" decoding=\"async\" class=\"alignnone size-full wp-image-54424\" src=\"https:\/\/actualizateiguazu.com\/v3\/wp-content\/uploads\/2025\/11\/IMG_20251106_092501-scaled.jpg\" alt=\"\" width=\"2560\" height=\"1928\" srcset=\"https:\/\/actualizateiguazu.com\/v3\/wp-content\/uploads\/2025\/11\/IMG_20251106_092501-scaled.jpg 2560w, https:\/\/actualizateiguazu.com\/v3\/wp-content\/uploads\/2025\/11\/IMG_20251106_092501-300x226.jpg 300w, https:\/\/actualizateiguazu.com\/v3\/wp-content\/uploads\/2025\/11\/IMG_20251106_092501-1024x771.jpg 1024w, https:\/\/actualizateiguazu.com\/v3\/wp-content\/uploads\/2025\/11\/IMG_20251106_092501-768x578.jpg 768w, https:\/\/actualizateiguazu.com\/v3\/wp-content\/uploads\/2025\/11\/IMG_20251106_092501-1536x1157.jpg 1536w, https:\/\/actualizateiguazu.com\/v3\/wp-content\/uploads\/2025\/11\/IMG_20251106_092501-2048x1542.jpg 2048w\" sizes=\"auto, (max-width: 2560px) 100vw, 2560px\" \/><\/p>\n<p>El acto fue precedido por el intendente del Parque Nacional Iguaz\u00fa Jos\u00e9 Mar\u00eda Herv\u00e1s y el director regional NEA dependiente de Direcci\u00f3n General de conservaci\u00f3n Daniel Crosta, quien supo ser intendente del Parque Iguaz\u00fa a\u00f1os atr\u00e1s. La ceremonia comenz\u00f3 con el izamiento del pabell\u00f3n nacional en homenaje a Dora Scarlatta, mujer que hace 35 a\u00f1os ininterrumpidos dona una bandera para que todos los que ingresen al parque no olviden que est\u00e1n en territorio argentino.<\/p>\n<p>Mas tarde el Director Regional NEA Daniel Crosta se refiri\u00f3 a la importancia del cuidado de las \u00e1reas protegidas insto a todos a defender la biodiversidad resguardada dentro de cada \u00e1rea protegida y agradeci\u00f3 la labor de los guardaparques. Para finalizar La polic\u00eda Federal entrego un presente al Parque Nacional Iguazu.<\/p>\n<p>&nbsp;<\/p>\n","protected":false},"excerpt":{"rendered":"<p>Como hace 35 a\u00f1os la Sra. Dora Escarlata dono una nueva bandera para el pabell\u00f3n<\/p>\n","protected":false},"author":1,"featured_media":54425,"comment_status":"closed","ping_status":"open","sticky":false,"template":"","format":"standard","meta":{"footnotes":""},"categories":[1,226],"tags":[],"class_list":["post-54423","post","type-post","status-publish","format-standard","has-post-thumbnail","hentry","category-actualidad","category-locales"],"_links":{"self":[{"href":"https:\/\/actualizateiguazu.com\/v3\/wp-json\/wp\/v2\/posts\/54423","targetHints":{"allow":["GET"]}}],"collection":[{"href":"https:\/\/actualizateiguazu.com\/v3\/wp-json\/wp\/v2\/posts"}],"about":[{"href":"https:\/\/actualizateiguazu.com\/v3\/wp-json\/wp\/v2\/types\/post"}],"author":[{"embeddable":true,"href":"https:\/\/actualizateiguazu.com\/v3\/wp-json\/wp\/v2\/users\/1"}],"replies":[{"embeddable":true,"href":"https:\/\/actualizateiguazu.com\/v3\/wp-json\/wp\/v2\/comments?post=54423"}],"version-history":[{"count":1,"href":"https:\/\/actualizateiguazu.com\/v3\/wp-json\/wp\/v2\/posts\/54423\/revisions"}],"predecessor-version":[{"id":54427,"href":"https:\/\/actualizateiguazu.com\/v3\/wp-json\/wp\/v2\/posts\/54423\/revisions\/54427"}],"wp:featuredmedia":[{"embeddable":true,"href":"https:\/\/actualizateiguazu.com\/v3\/wp-json\/wp\/v2\/media\/54425"}],"wp:attachment":[{"href":"https:\/\/actualizateiguazu.com\/v3\/wp-json\/wp\/v2\/media?parent=54423"}],"wp:term":[{"taxonomy":"category","embeddable":true,"href":"https:\/\/actualizateiguazu.com\/v3\/wp-json\/wp\/v2\/categories?post=54423"},{"taxonomy":"post_tag","embeddable":true,"href":"https:\/\/actualizateiguazu.com\/v3\/wp-json\/wp\/v2\/tags?post=54423"}],"curies":[{"name":"wp","href":"https:\/\/api.w.org\/{rel}","templated":true}]}}