{"id":55554,"date":"2025-11-18T17:22:30","date_gmt":"2025-11-18T20:22:30","guid":{"rendered":"https:\/\/actualizateiguazu.com\/v3\/?p=55554"},"modified":"2025-11-18T17:22:30","modified_gmt":"2025-11-18T20:22:30","slug":"durante-tres-dias-se-realizo-una-intensa-campana-de-prevencion-del-cancer-de-piel-en-puerto-iguazu","status":"publish","type":"post","link":"https:\/\/actualizateiguazu.com\/v3\/2025\/11\/18\/durante-tres-dias-se-realizo-una-intensa-campana-de-prevencion-del-cancer-de-piel-en-puerto-iguazu\/","title":{"rendered":"Durante tres d\u00edas se realiz\u00f3 una intensa Campa\u00f1a de prevenci\u00f3n del c\u00e1ncer de piel en Puerto Iguaz\u00fa"},"content":{"rendered":"<p>La Campa\u00f1a fue organizada por el grupo Cu\u00eddate Iguaz\u00fa y se llev\u00f3 a cabo del 16 al 18 de noviembre conto con la presencia de Medicas del Servicio de Dermatolog\u00eda del Hospital Madariaga. Se realizaron chequeos y pruebas del uso de protectores solares.<\/p>\n<p>Durante tres d\u00edas intensos de trabajo el equipo de Dermatolog\u00eda del Hospital Madariaga llevo adelante una campa\u00f1a de prevenci\u00f3n del c\u00e1ncer de Piel en Puerto Iguaz\u00fa. Organizada por el grupo Cu\u00eddate Iguaz\u00fa las jornadas tienen como prop\u00f3sito educar, prevenir y detectar de forma temprana lesiones cut\u00e1neas sospechosas, promoviendo h\u00e1bitos de exposici\u00f3n solar segura y cuidado de la piel. El trabajo conjunto entre profesionales, instituciones de salud y comunidad fortalece la prevenci\u00f3n del c\u00e1ncer de piel en la regi\u00f3n<\/p>\n<p>En el primer d\u00eda de campa\u00f1a, las m\u00e9dicas del Servicio de Dermatolog\u00eda del Hospital Madariaga junto a colegas locales dieron una charla sobre fotoprotecci\u00f3n y fotoeducaci\u00f3n al personal que se desempe\u00f1a el \u00e1rea Cataratas del Parque Nacional Iguaz\u00fa.<\/p>\n<p><img loading=\"lazy\" decoding=\"async\" class=\"alignnone size-full wp-image-55556\" src=\"https:\/\/actualizateiguazu.com\/v3\/wp-content\/uploads\/2025\/11\/WhatsApp-Image-2025-11-18-at-09.01.32.jpeg\" alt=\"\" width=\"1600\" height=\"1200\" srcset=\"https:\/\/actualizateiguazu.com\/v3\/wp-content\/uploads\/2025\/11\/WhatsApp-Image-2025-11-18-at-09.01.32.jpeg 1600w, https:\/\/actualizateiguazu.com\/v3\/wp-content\/uploads\/2025\/11\/WhatsApp-Image-2025-11-18-at-09.01.32-300x225.jpeg 300w, https:\/\/actualizateiguazu.com\/v3\/wp-content\/uploads\/2025\/11\/WhatsApp-Image-2025-11-18-at-09.01.32-1024x768.jpeg 1024w, https:\/\/actualizateiguazu.com\/v3\/wp-content\/uploads\/2025\/11\/WhatsApp-Image-2025-11-18-at-09.01.32-768x576.jpeg 768w, https:\/\/actualizateiguazu.com\/v3\/wp-content\/uploads\/2025\/11\/WhatsApp-Image-2025-11-18-at-09.01.32-1536x1152.jpeg 1536w, https:\/\/actualizateiguazu.com\/v3\/wp-content\/uploads\/2025\/11\/WhatsApp-Image-2025-11-18-at-09.01.32-720x540.jpeg 720w\" sizes=\"auto, (max-width: 1600px) 100vw, 1600px\" \/><\/p>\n<p>Guardaparques, agentes y gu\u00edas de turismo, trabajadores de las distintas zonas, recibieron de parte de las m\u00e9dicas, instrucciones acerca de los cuidados que hay tener en cuenta en la exposici\u00f3n solar, los da\u00f1os posibles, c\u00f3mo usar los protectores, la importancia de saber cuidarse y cuidar tambi\u00e9n a las personas que atienden. Tambi\u00e9n se realizaron chequeos y pruebas del uso de protectores solares.<\/p>\n<p>Durante la segunda jornada por la ma\u00f1ana se llev\u00f3 adelante trabajo de consultorio en el hospital SAMIC, hospital tur\u00edstico Modular y en el Centro Integrador comunitarios, que consisti\u00f3 en an\u00e1lisis de lesiones y lunares: Por la tarde el Hito de las Tres Fronteras fue el escenario de \u00a0una charla informativa abierta a la comunidad, las dermat\u00f3logas brindaron consejos fundamentales para la detecci\u00f3n temprana del c\u00e1ncer de piel, explicaron c\u00f3mo identificar se\u00f1ales de alerta y respondieron todas las dudas de las vecinas y vecinos que se acercaron a participar.<\/p>\n<p><img loading=\"lazy\" decoding=\"async\" class=\"alignnone size-full wp-image-55555\" src=\"https:\/\/actualizateiguazu.com\/v3\/wp-content\/uploads\/2025\/11\/WhatsApp-Image-2025-11-18-at-09.01.31.jpeg\" alt=\"\" width=\"1600\" height=\"1200\" srcset=\"https:\/\/actualizateiguazu.com\/v3\/wp-content\/uploads\/2025\/11\/WhatsApp-Image-2025-11-18-at-09.01.31.jpeg 1600w, https:\/\/actualizateiguazu.com\/v3\/wp-content\/uploads\/2025\/11\/WhatsApp-Image-2025-11-18-at-09.01.31-300x225.jpeg 300w, https:\/\/actualizateiguazu.com\/v3\/wp-content\/uploads\/2025\/11\/WhatsApp-Image-2025-11-18-at-09.01.31-1024x768.jpeg 1024w, https:\/\/actualizateiguazu.com\/v3\/wp-content\/uploads\/2025\/11\/WhatsApp-Image-2025-11-18-at-09.01.31-768x576.jpeg 768w, https:\/\/actualizateiguazu.com\/v3\/wp-content\/uploads\/2025\/11\/WhatsApp-Image-2025-11-18-at-09.01.31-1536x1152.jpeg 1536w, https:\/\/actualizateiguazu.com\/v3\/wp-content\/uploads\/2025\/11\/WhatsApp-Image-2025-11-18-at-09.01.31-720x540.jpeg 720w\" sizes=\"auto, (max-width: 1600px) 100vw, 1600px\" \/><\/p>\n<p>Durante la jornada del martes por la ma\u00f1ana en el CIC y en el Hospital Tur\u00edstico se realizaron controles, brindaron informaci\u00f3n a todas las personas que se acercaron a recibir atenci\u00f3n m\u00e9dica.<\/p>\n<p>La campa\u00f1a se llev\u00f3 adelante gracias al trabajo del Grupo Cu\u00eddate Iguaz\u00fa con el apoyo Municipalidad de Puerto Iguaz\u00fa, el Hospital SAMIC, el Hospital Modular Tur\u00edstico, el CIC, el Ministerio de Salud P\u00fablica y el acompa\u00f1amiento del Servicio de Dermatolog\u00eda del Hospital Dr. Ram\u00f3n Madariaga compuesto por las Medicas Dermat\u00f3logas Dra. Gabriela Gonzales Campos, Dra. Mar\u00eda \u00c1ngela Del Castelli y las medicas residentes Dra. Flavia Pelech y Dra. Camila Lezcano.<\/p>\n<p>&nbsp;<\/p>\n","protected":false},"excerpt":{"rendered":"<p>La Campa\u00f1a fue organizada por el grupo Cu\u00eddate Iguaz\u00fa y se llev\u00f3 a cabo del<\/p>\n","protected":false},"author":1,"featured_media":55557,"comment_status":"closed","ping_status":"open","sticky":false,"template":"","format":"standard","meta":{"footnotes":""},"categories":[1,226,231],"tags":[],"class_list":["post-55554","post","type-post","status-publish","format-standard","has-post-thumbnail","hentry","category-actualidad","category-locales","category-salud"],"_links":{"self":[{"href":"https:\/\/actualizateiguazu.com\/v3\/wp-json\/wp\/v2\/posts\/55554","targetHints":{"allow":["GET"]}}],"collection":[{"href":"https:\/\/actualizateiguazu.com\/v3\/wp-json\/wp\/v2\/posts"}],"about":[{"href":"https:\/\/actualizateiguazu.com\/v3\/wp-json\/wp\/v2\/types\/post"}],"author":[{"embeddable":true,"href":"https:\/\/actualizateiguazu.com\/v3\/wp-json\/wp\/v2\/users\/1"}],"replies":[{"embeddable":true,"href":"https:\/\/actualizateiguazu.com\/v3\/wp-json\/wp\/v2\/comments?post=55554"}],"version-history":[{"count":1,"href":"https:\/\/actualizateiguazu.com\/v3\/wp-json\/wp\/v2\/posts\/55554\/revisions"}],"predecessor-version":[{"id":55558,"href":"https:\/\/actualizateiguazu.com\/v3\/wp-json\/wp\/v2\/posts\/55554\/revisions\/55558"}],"wp:featuredmedia":[{"embeddable":true,"href":"https:\/\/actualizateiguazu.com\/v3\/wp-json\/wp\/v2\/media\/55557"}],"wp:attachment":[{"href":"https:\/\/actualizateiguazu.com\/v3\/wp-json\/wp\/v2\/media?parent=55554"}],"wp:term":[{"taxonomy":"category","embeddable":true,"href":"https:\/\/actualizateiguazu.com\/v3\/wp-json\/wp\/v2\/categories?post=55554"},{"taxonomy":"post_tag","embeddable":true,"href":"https:\/\/actualizateiguazu.com\/v3\/wp-json\/wp\/v2\/tags?post=55554"}],"curies":[{"name":"wp","href":"https:\/\/api.w.org\/{rel}","templated":true}]}}