{"id":55630,"date":"2025-11-19T11:47:08","date_gmt":"2025-11-19T14:47:08","guid":{"rendered":"https:\/\/actualizateiguazu.com\/v3\/?p=55630"},"modified":"2025-11-19T11:47:08","modified_gmt":"2025-11-19T14:47:08","slug":"somos-la-selva-celebraran-en-iguazu-al-yaguarete-con-un-festival-artistico-y-cultural","status":"publish","type":"post","link":"https:\/\/actualizateiguazu.com\/v3\/2025\/11\/19\/somos-la-selva-celebraran-en-iguazu-al-yaguarete-con-un-festival-artistico-y-cultural\/","title":{"rendered":"\u201cSomos la Selva\u201d celebrar\u00e1n en Iguazu al yaguaret\u00e9 con un festival art\u00edstico y cultural"},"content":{"rendered":"<p>El evento conjuga el arte, m\u00fasica, juegos, informaci\u00f3n y espacios interactivos para toda la familia. La propuesta busca acercar a la comunidad al valor de la biodiversidad misionera y fortalecer su compromiso con la protecci\u00f3n del yaguaret\u00e9.<\/p>\n<p>El pr\u00f3ximo s\u00e1bado 29 de noviembre, de 17 a 20 hs, la Plaza San Mart\u00edn de Puerto Iguaz\u00fa ser\u00e1 escenario de una nueva edici\u00f3n de \u201cSomos la Selva\u201d, el festival gratuito organizado por Fundaci\u00f3n Vida Silvestre Argentina y Defensores del Yaguaret\u00e9 para celebrar el D\u00eda Internacional y Provincial del Yaguaret\u00e9, emblema de la selva misionera y s\u00edmbolo de su conservaci\u00f3n.<\/p>\n<p>En su cuarta edici\u00f3n, el evento reunir\u00e1 arte, m\u00fasica, juegos y espacios interactivos para toda la familia, con el objetivo de acercar a la comunidad al valor de la biodiversidad misionera y fortalecer su compromiso con la protecci\u00f3n del yaguaret\u00e9, especie que hoy se encuentra en peligro cr\u00edtico de extinci\u00f3n en nuestro pa\u00eds.<\/p>\n<p><img loading=\"lazy\" decoding=\"async\" class=\"alignnone size-full wp-image-55633\" src=\"https:\/\/actualizateiguazu.com\/v3\/wp-content\/uploads\/2025\/11\/IMG_20241129_183325367-scaled.jpg\" alt=\"\" width=\"2560\" height=\"1920\" srcset=\"https:\/\/actualizateiguazu.com\/v3\/wp-content\/uploads\/2025\/11\/IMG_20241129_183325367-scaled.jpg 2560w, https:\/\/actualizateiguazu.com\/v3\/wp-content\/uploads\/2025\/11\/IMG_20241129_183325367-300x225.jpg 300w, https:\/\/actualizateiguazu.com\/v3\/wp-content\/uploads\/2025\/11\/IMG_20241129_183325367-1024x768.jpg 1024w, https:\/\/actualizateiguazu.com\/v3\/wp-content\/uploads\/2025\/11\/IMG_20241129_183325367-768x576.jpg 768w, https:\/\/actualizateiguazu.com\/v3\/wp-content\/uploads\/2025\/11\/IMG_20241129_183325367-1536x1152.jpg 1536w, https:\/\/actualizateiguazu.com\/v3\/wp-content\/uploads\/2025\/11\/IMG_20241129_183325367-2048x1536.jpg 2048w, https:\/\/actualizateiguazu.com\/v3\/wp-content\/uploads\/2025\/11\/IMG_20241129_183325367-720x540.jpg 720w\" sizes=\"auto, (max-width: 2560px) 100vw, 2560px\" \/><\/p>\n<p>El festival contar\u00e1 con shows en vivo, maquillaje art\u00edstico y propuestas participativas para grandes e infancias. Entre los artistas confirmados estar\u00e1n los payasos Chispita y Chisp\u00f3n, con su humor y arte del clown; el Ballet Folkl\u00f3rico Municipal \u201cEl Mens\u00fa\u201d; Aryel, con ritmos regionales; y la banda Selvad\u00e9lica, con su sonido rock\/funk experimental.<\/p>\n<p>\u201cSomos la Selva\u201d busca ser un punto de encuentro entre la comunidad y las organizaciones que trabajan d\u00eda a d\u00eda por la conservaci\u00f3n y restauraci\u00f3n de la selva misionera. Ya confirmaron su participaci\u00f3n el Ministerio de Ecolog\u00eda, el Instituto Misionero de Biodiversidad (IMiBio), el Ministerio del Agro y la Producci\u00f3n, el Parque Nacional Iguaz\u00fa, el refugio G\u00fcir\u00e1Oga, la Fundaci\u00f3n Mundo Sano, el Centro de Rescate Ohana, Proyecto Yaguaret\u00e9 (IBS-CONICET), y la Direcci\u00f3n de Medio Ambiente de Puerto Iguaz\u00fa, entre otros aliados.<\/p>\n<p><img loading=\"lazy\" decoding=\"async\" class=\"alignnone size-full wp-image-55632\" src=\"https:\/\/actualizateiguazu.com\/v3\/wp-content\/uploads\/2025\/11\/IMG_20241129_183754116-scaled.jpg\" alt=\"\" width=\"2560\" height=\"1920\" srcset=\"https:\/\/actualizateiguazu.com\/v3\/wp-content\/uploads\/2025\/11\/IMG_20241129_183754116-scaled.jpg 2560w, https:\/\/actualizateiguazu.com\/v3\/wp-content\/uploads\/2025\/11\/IMG_20241129_183754116-300x225.jpg 300w, https:\/\/actualizateiguazu.com\/v3\/wp-content\/uploads\/2025\/11\/IMG_20241129_183754116-1024x768.jpg 1024w, https:\/\/actualizateiguazu.com\/v3\/wp-content\/uploads\/2025\/11\/IMG_20241129_183754116-768x576.jpg 768w, https:\/\/actualizateiguazu.com\/v3\/wp-content\/uploads\/2025\/11\/IMG_20241129_183754116-1536x1152.jpg 1536w, https:\/\/actualizateiguazu.com\/v3\/wp-content\/uploads\/2025\/11\/IMG_20241129_183754116-2048x1536.jpg 2048w, https:\/\/actualizateiguazu.com\/v3\/wp-content\/uploads\/2025\/11\/IMG_20241129_183754116-720x540.jpg 720w\" sizes=\"auto, (max-width: 2560px) 100vw, 2560px\" \/><\/p>\n<p>La iniciativa cuenta con el apoyo de las empresas Iguaz\u00fa Jungle, Agua de las Misiones, Gaby Chipa, Yerba Mate Lapacho Rosa y la Municipalidad de Puerto Iguaz\u00fa, y busca inspirar orgullo y acci\u00f3n colectiva frente al desaf\u00edo de conservar la selva y sus especies.<\/p>\n<p>&nbsp;<\/p>\n","protected":false},"excerpt":{"rendered":"<p>El evento conjuga el arte, m\u00fasica, juegos, informaci\u00f3n y espacios interactivos para toda la familia.<\/p>\n","protected":false},"author":1,"featured_media":55631,"comment_status":"closed","ping_status":"open","sticky":false,"template":"","format":"standard","meta":{"footnotes":""},"categories":[1,226],"tags":[],"class_list":["post-55630","post","type-post","status-publish","format-standard","has-post-thumbnail","hentry","category-actualidad","category-locales"],"_links":{"self":[{"href":"https:\/\/actualizateiguazu.com\/v3\/wp-json\/wp\/v2\/posts\/55630","targetHints":{"allow":["GET"]}}],"collection":[{"href":"https:\/\/actualizateiguazu.com\/v3\/wp-json\/wp\/v2\/posts"}],"about":[{"href":"https:\/\/actualizateiguazu.com\/v3\/wp-json\/wp\/v2\/types\/post"}],"author":[{"embeddable":true,"href":"https:\/\/actualizateiguazu.com\/v3\/wp-json\/wp\/v2\/users\/1"}],"replies":[{"embeddable":true,"href":"https:\/\/actualizateiguazu.com\/v3\/wp-json\/wp\/v2\/comments?post=55630"}],"version-history":[{"count":1,"href":"https:\/\/actualizateiguazu.com\/v3\/wp-json\/wp\/v2\/posts\/55630\/revisions"}],"predecessor-version":[{"id":55634,"href":"https:\/\/actualizateiguazu.com\/v3\/wp-json\/wp\/v2\/posts\/55630\/revisions\/55634"}],"wp:featuredmedia":[{"embeddable":true,"href":"https:\/\/actualizateiguazu.com\/v3\/wp-json\/wp\/v2\/media\/55631"}],"wp:attachment":[{"href":"https:\/\/actualizateiguazu.com\/v3\/wp-json\/wp\/v2\/media?parent=55630"}],"wp:term":[{"taxonomy":"category","embeddable":true,"href":"https:\/\/actualizateiguazu.com\/v3\/wp-json\/wp\/v2\/categories?post=55630"},{"taxonomy":"post_tag","embeddable":true,"href":"https:\/\/actualizateiguazu.com\/v3\/wp-json\/wp\/v2\/tags?post=55630"}],"curies":[{"name":"wp","href":"https:\/\/api.w.org\/{rel}","templated":true}]}}