{"id":55789,"date":"2025-11-20T17:09:20","date_gmt":"2025-11-20T20:09:20","guid":{"rendered":"https:\/\/actualizateiguazu.com\/v3\/?p=55789"},"modified":"2025-11-20T17:09:20","modified_gmt":"2025-11-20T20:09:20","slug":"el-concejo-deliberante-reconocio-a-personas-destacadas-de-puerto-iguazu","status":"publish","type":"post","link":"https:\/\/actualizateiguazu.com\/v3\/2025\/11\/20\/el-concejo-deliberante-reconocio-a-personas-destacadas-de-puerto-iguazu\/","title":{"rendered":"El Concejo Deliberante reconoci\u00f3 a personas destacadas de Puerto Iguaz\u00fa"},"content":{"rendered":"<p>En la ma\u00f1ana de este jueves los integrantes del Honorable Concejo Deliberante entregaron los reconocimientos a la Sra Lilian del Carmen Zubiaga, Dr. Telmo Albrech y Miguel Ayala declaradas como Destacadas y al Grupo Cu\u00eddate Iguaz\u00fa por su labor fue declarado de inter\u00e9s municipal.<\/p>\n<p>En un emotivo acto se realiz\u00f3 el reconocimiento a varios ciudadanos que, si bien no son pioneros o descendientes de pioneros, han aportado para el crecimiento de la ciudad y han hecho historia en Puerto Iguaz\u00fa. Recibir un reconocimiento en vida es mucho mas valorado que post morten, es por ello que desde el Concejo Deliberante han tomado la decisi\u00f3n de reconocer las buenas obras de los ciudadanos.<\/p>\n<p><img loading=\"lazy\" decoding=\"async\" class=\"alignnone size-full wp-image-55792\" src=\"https:\/\/actualizateiguazu.com\/v3\/wp-content\/uploads\/2025\/11\/MG_9903-scaled.jpg\" alt=\"\" width=\"2560\" height=\"1706\" srcset=\"https:\/\/actualizateiguazu.com\/v3\/wp-content\/uploads\/2025\/11\/MG_9903-scaled.jpg 2560w, https:\/\/actualizateiguazu.com\/v3\/wp-content\/uploads\/2025\/11\/MG_9903-300x200.jpg 300w, https:\/\/actualizateiguazu.com\/v3\/wp-content\/uploads\/2025\/11\/MG_9903-1024x683.jpg 1024w, https:\/\/actualizateiguazu.com\/v3\/wp-content\/uploads\/2025\/11\/MG_9903-768x512.jpg 768w, https:\/\/actualizateiguazu.com\/v3\/wp-content\/uploads\/2025\/11\/MG_9903-1536x1024.jpg 1536w, https:\/\/actualizateiguazu.com\/v3\/wp-content\/uploads\/2025\/11\/MG_9903-2048x1365.jpg 2048w\" sizes=\"auto, (max-width: 2560px) 100vw, 2560px\" \/><\/p>\n<p>En primer Lugar, reconocieron la trayectoria Sra Lilian Del Carmen Zubiaga, una mujer que llego a Iguaz\u00fa hace 42 a\u00f1os y por el amor a lectura logro instalar la Biblioteca Popular Victoria Aguirre que permanece abierta hace 31 a\u00f1os. Ademas fue la impulsora del Biblio m\u00f3vil que durante 12 a\u00f1os recorri\u00f3 durante los fines de semana las localidades del norte de la provincia.<\/p>\n<p><img loading=\"lazy\" decoding=\"async\" class=\"alignnone size-full wp-image-55793\" src=\"https:\/\/actualizateiguazu.com\/v3\/wp-content\/uploads\/2025\/11\/MG_9925-scaled.jpg\" alt=\"\" width=\"2560\" height=\"1707\" srcset=\"https:\/\/actualizateiguazu.com\/v3\/wp-content\/uploads\/2025\/11\/MG_9925-scaled.jpg 2560w, https:\/\/actualizateiguazu.com\/v3\/wp-content\/uploads\/2025\/11\/MG_9925-300x200.jpg 300w, https:\/\/actualizateiguazu.com\/v3\/wp-content\/uploads\/2025\/11\/MG_9925-1024x683.jpg 1024w, https:\/\/actualizateiguazu.com\/v3\/wp-content\/uploads\/2025\/11\/MG_9925-768x512.jpg 768w, https:\/\/actualizateiguazu.com\/v3\/wp-content\/uploads\/2025\/11\/MG_9925-1536x1024.jpg 1536w, https:\/\/actualizateiguazu.com\/v3\/wp-content\/uploads\/2025\/11\/MG_9925-2048x1365.jpg 2048w\" sizes=\"auto, (max-width: 2560px) 100vw, 2560px\" \/><\/p>\n<p>Luego fue el turno del Dr. Telmo Albrech es m\u00e9dico del hospital, actualmente con sus 72 a\u00f1os est\u00e1 al frente del sector de PAMI. Oriundo de Santa Fe, llego a Misiones en los a\u00f1os 80 y desde entonces trabajo para aplicar pol\u00edticas p\u00fablicas en salud destac\u00e1ndose en muchos \u00e1mbitos. Ademas fue concejal y durante su mandato trabajo en proyectos que promov\u00edan la salud de la comunidad.<\/p>\n<p><img loading=\"lazy\" decoding=\"async\" class=\"alignnone size-full wp-image-55791\" src=\"https:\/\/actualizateiguazu.com\/v3\/wp-content\/uploads\/2025\/11\/MG_9883-scaled.jpg\" alt=\"\" width=\"2560\" height=\"1707\" srcset=\"https:\/\/actualizateiguazu.com\/v3\/wp-content\/uploads\/2025\/11\/MG_9883-scaled.jpg 2560w, https:\/\/actualizateiguazu.com\/v3\/wp-content\/uploads\/2025\/11\/MG_9883-300x200.jpg 300w, https:\/\/actualizateiguazu.com\/v3\/wp-content\/uploads\/2025\/11\/MG_9883-1024x683.jpg 1024w, https:\/\/actualizateiguazu.com\/v3\/wp-content\/uploads\/2025\/11\/MG_9883-768x512.jpg 768w, https:\/\/actualizateiguazu.com\/v3\/wp-content\/uploads\/2025\/11\/MG_9883-1536x1024.jpg 1536w, https:\/\/actualizateiguazu.com\/v3\/wp-content\/uploads\/2025\/11\/MG_9883-2048x1365.jpg 2048w\" sizes=\"auto, (max-width: 2560px) 100vw, 2560px\" \/><\/p>\n<p>M\u00e1s tarde fue el turno de Miguel Ayala, promotor de turismo estudiantil en Puerto Iguaz\u00fa, hace 40 a\u00f1os trabaja acompa\u00f1ando a ni\u00f1os y adolescentes a vivir momentos \u00fanicos y divertidos que quedaron grabados en los corazones de familias completas. Siempre responsable y al pendiente de sus pasajeros a quienes cuida en cada viaje como su fuera su propia familia.<\/p>\n<p><img loading=\"lazy\" decoding=\"async\" class=\"alignnone size-full wp-image-55794\" src=\"https:\/\/actualizateiguazu.com\/v3\/wp-content\/uploads\/2025\/11\/MG_9982-scaled.jpg\" alt=\"\" width=\"2560\" height=\"1707\" srcset=\"https:\/\/actualizateiguazu.com\/v3\/wp-content\/uploads\/2025\/11\/MG_9982-scaled.jpg 2560w, https:\/\/actualizateiguazu.com\/v3\/wp-content\/uploads\/2025\/11\/MG_9982-300x200.jpg 300w, https:\/\/actualizateiguazu.com\/v3\/wp-content\/uploads\/2025\/11\/MG_9982-1024x683.jpg 1024w, https:\/\/actualizateiguazu.com\/v3\/wp-content\/uploads\/2025\/11\/MG_9982-768x512.jpg 768w, https:\/\/actualizateiguazu.com\/v3\/wp-content\/uploads\/2025\/11\/MG_9982-1536x1024.jpg 1536w, https:\/\/actualizateiguazu.com\/v3\/wp-content\/uploads\/2025\/11\/MG_9982-2048x1365.jpg 2048w\" sizes=\"auto, (max-width: 2560px) 100vw, 2560px\" \/><\/p>\n<p>Por ultimo los ediles reconocieron entregando la declaraci\u00f3n de inter\u00e9s Municipal al Grupo Cu\u00eddate Iguaz\u00fa que naci\u00f3 en el a\u00f1o 2018 t\u00edmidamente trabajando para la prevenci\u00f3n del c\u00e1ncer de Mama, con el pasar de los a\u00f1os han desarrollado una serie de campa\u00f1as con el fin de promover la salud de la comunidad siempre desde el foco de la prevenci\u00f3n impulsando los controles anuales y la concientizaci\u00f3n de los buenos h\u00e1bitos que promueven una buena salud.<\/p>\n<p>Cada uno de los reconocimientos entregados este jueves fueron aprobados por unanimidad en la pasada sesi\u00f3n ordinaria del 6 de noviembre.<\/p>\n<p>&nbsp;<\/p>\n","protected":false},"excerpt":{"rendered":"<p>En la ma\u00f1ana de este jueves los integrantes del Honorable Concejo Deliberante entregaron los reconocimientos<\/p>\n","protected":false},"author":1,"featured_media":55790,"comment_status":"closed","ping_status":"open","sticky":false,"template":"","format":"standard","meta":{"footnotes":""},"categories":[1,226],"tags":[],"class_list":["post-55789","post","type-post","status-publish","format-standard","has-post-thumbnail","hentry","category-actualidad","category-locales"],"_links":{"self":[{"href":"https:\/\/actualizateiguazu.com\/v3\/wp-json\/wp\/v2\/posts\/55789","targetHints":{"allow":["GET"]}}],"collection":[{"href":"https:\/\/actualizateiguazu.com\/v3\/wp-json\/wp\/v2\/posts"}],"about":[{"href":"https:\/\/actualizateiguazu.com\/v3\/wp-json\/wp\/v2\/types\/post"}],"author":[{"embeddable":true,"href":"https:\/\/actualizateiguazu.com\/v3\/wp-json\/wp\/v2\/users\/1"}],"replies":[{"embeddable":true,"href":"https:\/\/actualizateiguazu.com\/v3\/wp-json\/wp\/v2\/comments?post=55789"}],"version-history":[{"count":1,"href":"https:\/\/actualizateiguazu.com\/v3\/wp-json\/wp\/v2\/posts\/55789\/revisions"}],"predecessor-version":[{"id":55795,"href":"https:\/\/actualizateiguazu.com\/v3\/wp-json\/wp\/v2\/posts\/55789\/revisions\/55795"}],"wp:featuredmedia":[{"embeddable":true,"href":"https:\/\/actualizateiguazu.com\/v3\/wp-json\/wp\/v2\/media\/55790"}],"wp:attachment":[{"href":"https:\/\/actualizateiguazu.com\/v3\/wp-json\/wp\/v2\/media?parent=55789"}],"wp:term":[{"taxonomy":"category","embeddable":true,"href":"https:\/\/actualizateiguazu.com\/v3\/wp-json\/wp\/v2\/categories?post=55789"},{"taxonomy":"post_tag","embeddable":true,"href":"https:\/\/actualizateiguazu.com\/v3\/wp-json\/wp\/v2\/tags?post=55789"}],"curies":[{"name":"wp","href":"https:\/\/api.w.org\/{rel}","templated":true}]}}