{"id":56316,"date":"2025-11-27T08:14:38","date_gmt":"2025-11-27T11:14:38","guid":{"rendered":"https:\/\/actualizateiguazu.com\/v3\/?p=56316"},"modified":"2025-11-27T08:14:45","modified_gmt":"2025-11-27T11:14:45","slug":"jornada-deportiva-en-la-epet-4-600-alumnos-disfrutaron-del-cierre-del-ano","status":"publish","type":"post","link":"https:\/\/actualizateiguazu.com\/v3\/2025\/11\/27\/jornada-deportiva-en-la-epet-4-600-alumnos-disfrutaron-del-cierre-del-ano\/","title":{"rendered":"Jornada deportiva en la EPET 4: 600 alumnos disfrutaron del cierre del a\u00f1o"},"content":{"rendered":"<p>La jornada deportiva se desarroll\u00f3 el mi\u00e9rcoles con la participaci\u00f3n de todo el alumnado, hubo cambio de abanderados, reconocimientos y practica deportiva.<\/p>\n<p>Durante una jornada muy amena los alumnos de la EPET N4 disfrutaron de una actividad diferente cargada adrenalina, compa\u00f1erismo y de sana competencia. La jornada fue el cierre del a\u00f1o del departamento de Educaci\u00f3n f\u00edsica hubo cambio de abanderados, reconocimientos por el desempe\u00f1o de los alumnos en las competencias de los intercolegiales y alimentaci\u00f3n saludable.<\/p>\n<p><img loading=\"lazy\" decoding=\"async\" class=\"alignnone size-full wp-image-56319\" src=\"https:\/\/actualizateiguazu.com\/v3\/wp-content\/uploads\/2025\/11\/WhatsApp-Image-2025-11-26-at-17.59.00.jpeg\" alt=\"\" width=\"1220\" height=\"986\" srcset=\"https:\/\/actualizateiguazu.com\/v3\/wp-content\/uploads\/2025\/11\/WhatsApp-Image-2025-11-26-at-17.59.00.jpeg 1220w, https:\/\/actualizateiguazu.com\/v3\/wp-content\/uploads\/2025\/11\/WhatsApp-Image-2025-11-26-at-17.59.00-300x242.jpeg 300w, https:\/\/actualizateiguazu.com\/v3\/wp-content\/uploads\/2025\/11\/WhatsApp-Image-2025-11-26-at-17.59.00-1024x828.jpeg 1024w, https:\/\/actualizateiguazu.com\/v3\/wp-content\/uploads\/2025\/11\/WhatsApp-Image-2025-11-26-at-17.59.00-768x621.jpeg 768w\" sizes=\"auto, (max-width: 1220px) 100vw, 1220px\" \/><\/p>\n<p>Todos los a\u00f1os los profesores de educaci\u00f3n f\u00edsica realizan el cierre del a\u00f1o con una actividad que generalmente se conoce como Fiesta de la Educaci\u00f3n f\u00edsica, este a\u00f1o optaron por organizar una jornada de sana competencia y practica deportiva de futbol, cestoball, voleyball, basquet y hockey. El alumnado fue dividido en 4 equipos coincidentes con las pandillas que compitieron durante la semana del estudiante. Hubo risas, celebraciones y sorpresas. Ademas los profesores aprovecharon para recaudar dinero para la compra de elementos, como ser pelotas, colchonetas y dem\u00e1s \u00edtems necesarios para el desarrollo de las clases.<\/p>\n<p><img loading=\"lazy\" decoding=\"async\" class=\"alignnone size-full wp-image-56318\" src=\"https:\/\/actualizateiguazu.com\/v3\/wp-content\/uploads\/2025\/11\/WhatsApp-Image-2025-11-26-at-18.03.47-1.jpeg\" alt=\"\" width=\"1066\" height=\"824\" srcset=\"https:\/\/actualizateiguazu.com\/v3\/wp-content\/uploads\/2025\/11\/WhatsApp-Image-2025-11-26-at-18.03.47-1.jpeg 1066w, https:\/\/actualizateiguazu.com\/v3\/wp-content\/uploads\/2025\/11\/WhatsApp-Image-2025-11-26-at-18.03.47-1-300x232.jpeg 300w, https:\/\/actualizateiguazu.com\/v3\/wp-content\/uploads\/2025\/11\/WhatsApp-Image-2025-11-26-at-18.03.47-1-1024x792.jpeg 1024w, https:\/\/actualizateiguazu.com\/v3\/wp-content\/uploads\/2025\/11\/WhatsApp-Image-2025-11-26-at-18.03.47-1-768x594.jpeg 768w\" sizes=\"auto, (max-width: 1066px) 100vw, 1066px\" \/><\/p>\n<p>\u201cLa jornada fue organizada por los profes de educaci\u00f3n f\u00edsica, todo el departamento, con el apoyo de los docentes y tambi\u00e9n de toda la comunidad que donaron premios para la rifa, y tambi\u00e9n mucha fruta para el desayuno saludable. Estamos contentos fueron 600 alumnos participando en la actividad\u201d cont\u00f3 Andrea Centuri\u00f3n profesora de educaci\u00f3n f\u00edsica<\/p>\n<p>Durante la jornada hubo un momento muy emotivo ya que es uno de los profesores, Luis Delgado, comienza el proceso de jubilaci\u00f3n esta podr\u00eda ser su ultima jornada deportiva dentro el establecimiento escolar.<\/p>\n<p>&nbsp;<\/p>\n","protected":false},"excerpt":{"rendered":"<p>La jornada deportiva se desarroll\u00f3 el mi\u00e9rcoles con la participaci\u00f3n de todo el alumnado, hubo<\/p>\n","protected":false},"author":1,"featured_media":56317,"comment_status":"closed","ping_status":"open","sticky":false,"template":"","format":"standard","meta":{"footnotes":""},"categories":[1,226],"tags":[],"class_list":["post-56316","post","type-post","status-publish","format-standard","has-post-thumbnail","hentry","category-actualidad","category-locales"],"_links":{"self":[{"href":"https:\/\/actualizateiguazu.com\/v3\/wp-json\/wp\/v2\/posts\/56316","targetHints":{"allow":["GET"]}}],"collection":[{"href":"https:\/\/actualizateiguazu.com\/v3\/wp-json\/wp\/v2\/posts"}],"about":[{"href":"https:\/\/actualizateiguazu.com\/v3\/wp-json\/wp\/v2\/types\/post"}],"author":[{"embeddable":true,"href":"https:\/\/actualizateiguazu.com\/v3\/wp-json\/wp\/v2\/users\/1"}],"replies":[{"embeddable":true,"href":"https:\/\/actualizateiguazu.com\/v3\/wp-json\/wp\/v2\/comments?post=56316"}],"version-history":[{"count":1,"href":"https:\/\/actualizateiguazu.com\/v3\/wp-json\/wp\/v2\/posts\/56316\/revisions"}],"predecessor-version":[{"id":56320,"href":"https:\/\/actualizateiguazu.com\/v3\/wp-json\/wp\/v2\/posts\/56316\/revisions\/56320"}],"wp:featuredmedia":[{"embeddable":true,"href":"https:\/\/actualizateiguazu.com\/v3\/wp-json\/wp\/v2\/media\/56317"}],"wp:attachment":[{"href":"https:\/\/actualizateiguazu.com\/v3\/wp-json\/wp\/v2\/media?parent=56316"}],"wp:term":[{"taxonomy":"category","embeddable":true,"href":"https:\/\/actualizateiguazu.com\/v3\/wp-json\/wp\/v2\/categories?post=56316"},{"taxonomy":"post_tag","embeddable":true,"href":"https:\/\/actualizateiguazu.com\/v3\/wp-json\/wp\/v2\/tags?post=56316"}],"curies":[{"name":"wp","href":"https:\/\/api.w.org\/{rel}","templated":true}]}}