{"id":56366,"date":"2025-11-27T12:55:34","date_gmt":"2025-11-27T15:55:34","guid":{"rendered":"https:\/\/actualizateiguazu.com\/v3\/?p=56366"},"modified":"2025-11-27T12:55:34","modified_gmt":"2025-11-27T15:55:34","slug":"concejales-frenaron-la-interpelacion-al-director-de-obras-privadas-de-iguazu","status":"publish","type":"post","link":"https:\/\/actualizateiguazu.com\/v3\/2025\/11\/27\/concejales-frenaron-la-interpelacion-al-director-de-obras-privadas-de-iguazu\/","title":{"rendered":"Concejales frenaron la interpelaci\u00f3n al Director de Obras Privadas de Iguaz\u00fa"},"content":{"rendered":"<p style=\"text-align: center;\"><em><strong>Con 6 votos a favor uno en contra, aprobaron la moci\u00f3n presentada por Javier Bareiro para que el proyecto de Comunicaci\u00f3n referente a la interpelaci\u00f3n a Arturo Garc\u00eda vuelva a Comisi\u00f3n y postergaron el pedido de explicaciones.<\/strong><\/em><\/p>\n<p>El segundo punto en el orden del d\u00eda de la sesi\u00f3n ordinaria de este jueves 27 de noviembre era el tratamiento del pedido de interpelaci\u00f3n al director de Obras Privadas de la Municipalidad de Puerto Iguaz\u00fa, Arturo Garc\u00eda, presentado por el edil Alejandro Ver\u00f3n quien solicito el tratamiento preferencial del proyecto en la sesi\u00f3n anterior que se celebr\u00f3 el pasado 6 de noviembre. Dicho proyecto fue tratado en Comisi\u00f3n y seg\u00fan se supo se retiraron 3 preguntas del cuestionario propuesto a pedido de dos concejales oficialistas, no obstante por un <strong>\u201ctecnicismo\u201d<\/strong>, los ediles decidieron que el proyecto vuelva a Comisi\u00f3n para ser tratado nuevamente.<\/p>\n<p>El proyecto de comunicaci\u00f3n de interpelaci\u00f3n al director de Obras Privadas Arturo Garc\u00eda presentado por el edil Alejandro Ver\u00f3n tiene como origen el lamentable hecho que se registr\u00f3 el pasado 6 de septiembre, cuando un obrero de la construcci\u00f3n identificado como Javier Jes\u00fas Gonz\u00e1lez cay\u00f3 de un andamio, en una construcci\u00f3n sobre la Avenida Brasil, y estuvo internado grave hasta el 23 de septiembre, d\u00eda en el que falleci\u00f3. Tras el fat\u00eddico hecho y mediante las declaraciones de los familiares se estableci\u00f3 una presunta conexi\u00f3n del funcionario con la empresa constructora adem\u00e1s de la falta de control por parte de la direcci\u00f3n de Obras privadas de la construcci\u00f3n que se llevaba adelante sin las medidas de seguridad y sin las habilitaciones correspondientes.<\/p>\n<p>Esta situaci\u00f3n llev\u00f3 al edil a hacer las <strong>denuncias correspondientes en todos los \u00e1mbitos, incluso en la justicia penal<\/strong>, ya que el hecho fatal dej\u00f3 a la vista una falta de los deberes de funcionario p\u00fablico ya que el director de obras privadas habr\u00eda obviado los controles de la obra a la que estar\u00eda comercialmente ligado, que podr\u00edan haber salvado la vida de Javier Jes\u00fas Gonz\u00e1lez.<\/p>\n<p>Durante la sesi\u00f3n en el marco del tratamiento del proyecto de comunicaci\u00f3n, tras la exposici\u00f3n de Ver\u00f3n quien enumero las responsabilidades, el presidente del Concejo Deliberante Javier Bareiro hizo uso de la palabra y sin explicar los motivos de forma clara, pero haciendo hincapi\u00e9 en que se deber\u00eda tratar en Comisi\u00f3n el proyecto mocion\u00f3 para que el proyecto regrese a comisi\u00f3n la moci\u00f3n fue acompa\u00f1ada por la mayor\u00eda, excepto por el autor del proyecto.<\/p>\n<p>Antes de finalizar la sesi\u00f3n el edil Rodrigo Lugo explic\u00f3 que desde el oficialismo advirtieron que el proyecto seria rechazado por un error en el texto, es por ello que tom\u00f3 la decisi\u00f3n de acompa\u00f1ar que este vuelva a ser tratado en Comisi\u00f3n.<\/p>\n<p><img loading=\"lazy\" decoding=\"async\" class=\"alignnone size-full wp-image-56368\" src=\"https:\/\/actualizateiguazu.com\/v3\/wp-content\/uploads\/2025\/11\/IMG_20251127_105052-scaled.jpg\" alt=\"\" width=\"2560\" height=\"1928\" srcset=\"https:\/\/actualizateiguazu.com\/v3\/wp-content\/uploads\/2025\/11\/IMG_20251127_105052-scaled.jpg 2560w, https:\/\/actualizateiguazu.com\/v3\/wp-content\/uploads\/2025\/11\/IMG_20251127_105052-300x226.jpg 300w, https:\/\/actualizateiguazu.com\/v3\/wp-content\/uploads\/2025\/11\/IMG_20251127_105052-1024x771.jpg 1024w, https:\/\/actualizateiguazu.com\/v3\/wp-content\/uploads\/2025\/11\/IMG_20251127_105052-768x578.jpg 768w, https:\/\/actualizateiguazu.com\/v3\/wp-content\/uploads\/2025\/11\/IMG_20251127_105052-1536x1157.jpg 1536w, https:\/\/actualizateiguazu.com\/v3\/wp-content\/uploads\/2025\/11\/IMG_20251127_105052-2048x1542.jpg 2048w\" sizes=\"auto, (max-width: 2560px) 100vw, 2560px\" \/><\/p>\n<p>Al ser consultado por la situaci\u00f3n Alejandro Ver\u00f3n explico que <strong>\u201cEl oficialismo alega que reglamento interno en el art\u00edculo 131 dice que se puede interpelar a un secretario, no especifica si es factible a un director. Cosa irrisoria porque en ese momento no exist\u00edan los directores municipales. Deber\u00eda decir funcionario p\u00fablico. Seg\u00fan ellos el asesor legal del Concejo emiti\u00f3 un dictamen pero cuando solicite por escrito no me lo facilitaron<\/strong>\u201d<\/p>\n<p>El proyecto de comunicaci\u00f3n volver\u00e1 a Comisi\u00f3n y no se sabe si ser\u00e1 tratado por los concejales actuales o si seria tratado por el cuerpo deliberativo renovado tras la sesi\u00f3n preparatoria del 10 de diciembre.<\/p>\n<p>Cabe destacar que una interpelaci\u00f3n en el \u00e1mbito pol\u00edtico es una herramienta legislativa donde un congreso, parlamento o Concejo Deliberante cita a un funcionario para que explique y justifique las acciones de su cargo, pudiendo incluso llevar a una moci\u00f3n de confianza o censura. En un sentido m\u00e1s general, implica requerir que alguien rinda cuentas sobre sus acciones u obligaciones.<\/p>\n<p>Seg\u00fan pudo averiguar este medio, Arturo Garc\u00eda puede negarse a presentarse o presentar un escrito donde responda las inquietudes expresadas en el anexo del pedido de Interpelaci\u00f3n.<\/p>\n<p>&nbsp;<\/p>\n","protected":false},"excerpt":{"rendered":"<p>Con 6 votos a favor uno en contra, aprobaron la moci\u00f3n presentada por Javier Bareiro<\/p>\n","protected":false},"author":1,"featured_media":56367,"comment_status":"closed","ping_status":"open","sticky":false,"template":"","format":"standard","meta":{"footnotes":""},"categories":[1],"tags":[],"class_list":["post-56366","post","type-post","status-publish","format-standard","has-post-thumbnail","hentry","category-actualidad"],"_links":{"self":[{"href":"https:\/\/actualizateiguazu.com\/v3\/wp-json\/wp\/v2\/posts\/56366","targetHints":{"allow":["GET"]}}],"collection":[{"href":"https:\/\/actualizateiguazu.com\/v3\/wp-json\/wp\/v2\/posts"}],"about":[{"href":"https:\/\/actualizateiguazu.com\/v3\/wp-json\/wp\/v2\/types\/post"}],"author":[{"embeddable":true,"href":"https:\/\/actualizateiguazu.com\/v3\/wp-json\/wp\/v2\/users\/1"}],"replies":[{"embeddable":true,"href":"https:\/\/actualizateiguazu.com\/v3\/wp-json\/wp\/v2\/comments?post=56366"}],"version-history":[{"count":1,"href":"https:\/\/actualizateiguazu.com\/v3\/wp-json\/wp\/v2\/posts\/56366\/revisions"}],"predecessor-version":[{"id":56369,"href":"https:\/\/actualizateiguazu.com\/v3\/wp-json\/wp\/v2\/posts\/56366\/revisions\/56369"}],"wp:featuredmedia":[{"embeddable":true,"href":"https:\/\/actualizateiguazu.com\/v3\/wp-json\/wp\/v2\/media\/56367"}],"wp:attachment":[{"href":"https:\/\/actualizateiguazu.com\/v3\/wp-json\/wp\/v2\/media?parent=56366"}],"wp:term":[{"taxonomy":"category","embeddable":true,"href":"https:\/\/actualizateiguazu.com\/v3\/wp-json\/wp\/v2\/categories?post=56366"},{"taxonomy":"post_tag","embeddable":true,"href":"https:\/\/actualizateiguazu.com\/v3\/wp-json\/wp\/v2\/tags?post=56366"}],"curies":[{"name":"wp","href":"https:\/\/api.w.org\/{rel}","templated":true}]}}