{"id":57128,"date":"2025-12-03T16:16:55","date_gmt":"2025-12-03T19:16:55","guid":{"rendered":"https:\/\/actualizateiguazu.com\/v3\/?p=57128"},"modified":"2025-12-03T16:25:09","modified_gmt":"2025-12-03T19:25:09","slug":"la-policia-recapturo-a-los-7-evadidos-de-bernardo-de-irigoyen-en-una-megaoperacion","status":"publish","type":"post","link":"https:\/\/actualizateiguazu.com\/v3\/2025\/12\/03\/la-policia-recapturo-a-los-7-evadidos-de-bernardo-de-irigoyen-en-una-megaoperacion\/","title":{"rendered":"La Polic\u00eda recaptur\u00f3 a los 7 evadidos de Bernardo de Irigoyen en una megaoperaci\u00f3n"},"content":{"rendered":"<p>La Polic\u00eda de Misiones puso fin a la fuga de siete delincuentes en el norte de la provincia. En menos de 48 horas, y tras un despliegue que moviliz\u00f3 a 500 agentes con apoyo tecnol\u00f3gico y b\u00fasqueda ininterrumpida, los pr\u00f3fugos volvieron a estar tras las rejas.<\/p>\n<p>El cierre del operativo ocurri\u00f3 hace instantes en Dos Hermanas, una zona cuyos accesos se encontraban bajo vigilancia. All\u00ed, agentes encubiertos obtuvieron informaci\u00f3n clave que permiti\u00f3 activar un operativo cerrojo en un sector de viviendas, donde fueron ubicados los \u00faltimos tres fugados, trat\u00e1ndose de Dar\u00edo Br\u00edtez, Daniel Simons y Agust\u00edn Morais. Rodeados y sin v\u00eda de escape, fueron reducidos y aprehendidos sin que se registraran heridos.<\/p>\n<p>Cabe mencionar que, previamente, la fuerza provincial hab\u00eda recapturado a: Alejandro Dami\u00e1n Ramos, alias \u201cDente\u201d; Jorge Guillermo Ojeda; Emanuel Felipe Kraulich, alias \u201cPirata\u201d; y Juan Jos\u00e9 Ferreira \u00c1lvez.<\/p>\n<p>El megaoperativo fue diagramado por la Jefatura con base operacional en la Unidad Regional XII de Bernardo de Irigoyen, con participaci\u00f3n conjunta de los dem\u00e1s comandos regionales y divisiones investigativas y t\u00e1cticas, en m\u00faltiples jurisdicciones del norte misionero.<\/p>\n<p>La megaoperaci\u00f3n finaliz\u00f3 con la recaptura de la totalidad de los evadidos, quienes fueron alojados en diversas dependencias de la jurisdicci\u00f3n, a disposici\u00f3n de la Justicia Penal.<\/p>\n","protected":false},"excerpt":{"rendered":"<p>La Polic\u00eda de Misiones puso fin a la fuga de siete delincuentes en el norte<\/p>\n","protected":false},"author":1,"featured_media":57129,"comment_status":"closed","ping_status":"open","sticky":false,"template":"","format":"standard","meta":{"footnotes":""},"categories":[1,228],"tags":[],"class_list":["post-57128","post","type-post","status-publish","format-standard","has-post-thumbnail","hentry","category-actualidad","category-policiales"],"_links":{"self":[{"href":"https:\/\/actualizateiguazu.com\/v3\/wp-json\/wp\/v2\/posts\/57128","targetHints":{"allow":["GET"]}}],"collection":[{"href":"https:\/\/actualizateiguazu.com\/v3\/wp-json\/wp\/v2\/posts"}],"about":[{"href":"https:\/\/actualizateiguazu.com\/v3\/wp-json\/wp\/v2\/types\/post"}],"author":[{"embeddable":true,"href":"https:\/\/actualizateiguazu.com\/v3\/wp-json\/wp\/v2\/users\/1"}],"replies":[{"embeddable":true,"href":"https:\/\/actualizateiguazu.com\/v3\/wp-json\/wp\/v2\/comments?post=57128"}],"version-history":[{"count":2,"href":"https:\/\/actualizateiguazu.com\/v3\/wp-json\/wp\/v2\/posts\/57128\/revisions"}],"predecessor-version":[{"id":57131,"href":"https:\/\/actualizateiguazu.com\/v3\/wp-json\/wp\/v2\/posts\/57128\/revisions\/57131"}],"wp:featuredmedia":[{"embeddable":true,"href":"https:\/\/actualizateiguazu.com\/v3\/wp-json\/wp\/v2\/media\/57129"}],"wp:attachment":[{"href":"https:\/\/actualizateiguazu.com\/v3\/wp-json\/wp\/v2\/media?parent=57128"}],"wp:term":[{"taxonomy":"category","embeddable":true,"href":"https:\/\/actualizateiguazu.com\/v3\/wp-json\/wp\/v2\/categories?post=57128"},{"taxonomy":"post_tag","embeddable":true,"href":"https:\/\/actualizateiguazu.com\/v3\/wp-json\/wp\/v2\/tags?post=57128"}],"curies":[{"name":"wp","href":"https:\/\/api.w.org\/{rel}","templated":true}]}}