{"id":57552,"date":"2025-12-09T16:30:19","date_gmt":"2025-12-09T19:30:19","guid":{"rendered":"https:\/\/actualizateiguazu.com\/v3\/?p=57552"},"modified":"2025-12-09T16:30:19","modified_gmt":"2025-12-09T19:30:19","slug":"los-concejales-opositores-presidiran-sesion-preparatoria-donde-asumen-los-nuevos-concejales","status":"publish","type":"post","link":"https:\/\/actualizateiguazu.com\/v3\/2025\/12\/09\/los-concejales-opositores-presidiran-sesion-preparatoria-donde-asumen-los-nuevos-concejales\/","title":{"rendered":"Los concejales opositores presidir\u00e1n sesi\u00f3n preparatoria donde asumen los nuevos concejales"},"content":{"rendered":"<p>Este mi\u00e9rcoles 10 de diciembre asumir\u00e1n los concejales electos el pasado 8 de junio. La sesi\u00f3n ser\u00e1 precedida por los concejales opositores Omar G\u00f3mez como presidente y Alejandro Ver\u00f3n como secretario.<\/p>\n<p>Este jueves se llevar\u00e1 a cabo la sesi\u00f3n preparatoria donde se renovar\u00e1 de forma parcial el Honorable Concejo Deliberante en cumplimiento de los art\u00edculos 40, 47 y 48 de la Carta Org\u00e1nica Municipal de la ciudad de Puerto Iguaz\u00fa, la misma se celebrar\u00e1 en la sede del cuerpo deliberativo ubicado en avenida C\u00f3rdoba 245 a partir de las 10 de la ma\u00f1ana. Conforme indica el articulo tres de reglamento interno del cuerpo ser\u00e1 precedida por el concejal de mayor edad Omar G\u00f3mez y oficiar\u00e1 como secretario Alejandro Ver\u00f3n el concejal de menor edad ambos opositores.<\/p>\n<p>En la convocatoria indica el orden de la sesi\u00f3n primeramente tomar\u00e1n posesi\u00f3n los concejales, segundo deber\u00e1n proceder de la elecci\u00f3n y constituci\u00f3n de la Comisi\u00f3n de poderes compuesta por tres miembros quienes emitir\u00e1n los dictamines de Comisi\u00f3n donde habilitan o no a los concejales electos a tomar posesi\u00f3n de las bancas. Seg\u00fan trascendi\u00f3, los 3 concejales electos cumplimentaron la documentaci\u00f3n e incluso los dos concejales oficialistas habr\u00edan renunciado a sus puestos en el Municipio a fin de evitar cualquier tipo de impedimento para ejercer el cargo.<\/p>\n<p>Cabe destacar que la documentaci\u00f3n analizada por la Comisi\u00f3n de poderes debe estar acorde a los art\u00edculos 49, 50 y 51 de la carta org\u00e1nica donde especifica que los ediles deben tener 21 a\u00f1os como m\u00ednimo, ser argentino nativo o naturalizado con 5 a\u00f1os de ejercicio de la ciudadan\u00eda. Residir por al menos 5 a\u00f1os y ser contribuyente. Entre las incompatibilidades se analiza, si el edil electo ocupa alg\u00fan cargo electivo y desempe\u00f1o en empleos p\u00fablicos (exceptuando a los t\u00e9cnicos o docentes), y si mantiene relaciones comerciales en forma directa o indirecta, como empleado, con el municipio.<\/p>\n<p>Tras el an\u00e1lisis, todo indica que asumir\u00edan su banca los tres concejales electos, primero Fabian De Sa, segundo Carlos R\u00edos y por \u00faltimo Graciela Sosa, el orden de asunci\u00f3n esta dictaminado en la carta org\u00e1nica que expresa que deben asumir por orden alfab\u00e9tica.<\/p>\n<p>Una vez que se tome juramento a los tres concejales electos se proceder\u00e1 a elegir al presidente, vicepresidente primero y vicepresidente segundo, esto se realiza todos los a\u00f1os ya que el cargo tiene una duraci\u00f3n de 1 a\u00f1o con posibilidad de ser reelectos.<\/p>\n<p>Finalizado el orden del d\u00eda, los concejales integrar\u00e1n el cuerpo y podr\u00e1n comenzar a trabajar en los temas pendientes que ingresaron por mesa de entrada.<\/p>\n<p>&nbsp;<\/p>\n<p>&nbsp;<\/p>\n<p>&nbsp;<\/p>\n<p>&nbsp;<\/p>\n<p>&nbsp;<\/p>\n","protected":false},"excerpt":{"rendered":"<p>Este mi\u00e9rcoles 10 de diciembre asumir\u00e1n los concejales electos el pasado 8 de junio. La<\/p>\n","protected":false},"author":1,"featured_media":57553,"comment_status":"closed","ping_status":"open","sticky":false,"template":"","format":"standard","meta":{"footnotes":""},"categories":[1,226],"tags":[],"class_list":["post-57552","post","type-post","status-publish","format-standard","has-post-thumbnail","hentry","category-actualidad","category-locales"],"_links":{"self":[{"href":"https:\/\/actualizateiguazu.com\/v3\/wp-json\/wp\/v2\/posts\/57552","targetHints":{"allow":["GET"]}}],"collection":[{"href":"https:\/\/actualizateiguazu.com\/v3\/wp-json\/wp\/v2\/posts"}],"about":[{"href":"https:\/\/actualizateiguazu.com\/v3\/wp-json\/wp\/v2\/types\/post"}],"author":[{"embeddable":true,"href":"https:\/\/actualizateiguazu.com\/v3\/wp-json\/wp\/v2\/users\/1"}],"replies":[{"embeddable":true,"href":"https:\/\/actualizateiguazu.com\/v3\/wp-json\/wp\/v2\/comments?post=57552"}],"version-history":[{"count":1,"href":"https:\/\/actualizateiguazu.com\/v3\/wp-json\/wp\/v2\/posts\/57552\/revisions"}],"predecessor-version":[{"id":57554,"href":"https:\/\/actualizateiguazu.com\/v3\/wp-json\/wp\/v2\/posts\/57552\/revisions\/57554"}],"wp:featuredmedia":[{"embeddable":true,"href":"https:\/\/actualizateiguazu.com\/v3\/wp-json\/wp\/v2\/media\/57553"}],"wp:attachment":[{"href":"https:\/\/actualizateiguazu.com\/v3\/wp-json\/wp\/v2\/media?parent=57552"}],"wp:term":[{"taxonomy":"category","embeddable":true,"href":"https:\/\/actualizateiguazu.com\/v3\/wp-json\/wp\/v2\/categories?post=57552"},{"taxonomy":"post_tag","embeddable":true,"href":"https:\/\/actualizateiguazu.com\/v3\/wp-json\/wp\/v2\/tags?post=57552"}],"curies":[{"name":"wp","href":"https:\/\/api.w.org\/{rel}","templated":true}]}}