{"id":57720,"date":"2025-12-11T07:40:18","date_gmt":"2025-12-11T10:40:18","guid":{"rendered":"https:\/\/actualizateiguazu.com\/v3\/?p=57720"},"modified":"2025-12-11T07:40:18","modified_gmt":"2025-12-11T10:40:18","slug":"tres-ediles-de-filippa-se-impusieron-y-son-las-nuevas-autoridades-del-concejo-deliberante","status":"publish","type":"post","link":"https:\/\/actualizateiguazu.com\/v3\/2025\/12\/11\/tres-ediles-de-filippa-se-impusieron-y-son-las-nuevas-autoridades-del-concejo-deliberante\/","title":{"rendered":"Tres ediles de Filippa se impusieron y son las nuevas autoridades del Concejo Deliberante"},"content":{"rendered":"<p>El frente renovador mantiene la mayor\u00eda en el Concejo Deliberante y en esta oportunidad directamente excluyeron a la oposici\u00f3n de las autoridades electas. El presidente del Concejo es Carlo R\u00edos.<\/p>\n<p>Este mi\u00e9rcoles 10 de diciembre tomaron posesi\u00f3n de las bancas los concejales electos en las \u00faltimas elecciones provinciales celebradas el pasado del 8 de junio. Tal como estaba previsto presidio la sesi\u00f3n Omar G\u00f3mez y actu\u00f3 como secretario Alejandro Ver\u00f3n. La Comisi\u00f3n de poderes que analiz\u00f3 la documentaci\u00f3n y los diplomas de los concejales electos durante un cuarto intermedio y decidi\u00f3 que no exist\u00edan ning\u00fan tipo de incompatibilidades que impidan que tomen posesi\u00f3n de las bancas. Tras el juramento se eligieron las nuevas autoridades.<\/p>\n<p><img loading=\"lazy\" decoding=\"async\" class=\"alignnone size-full wp-image-57723\" src=\"https:\/\/actualizateiguazu.com\/v3\/wp-content\/uploads\/2025\/12\/Diseno-sin-titulo-4.jpg\" alt=\"\" width=\"1333\" height=\"2000\" srcset=\"https:\/\/actualizateiguazu.com\/v3\/wp-content\/uploads\/2025\/12\/Diseno-sin-titulo-4.jpg 1333w, https:\/\/actualizateiguazu.com\/v3\/wp-content\/uploads\/2025\/12\/Diseno-sin-titulo-4-200x300.jpg 200w, https:\/\/actualizateiguazu.com\/v3\/wp-content\/uploads\/2025\/12\/Diseno-sin-titulo-4-682x1024.jpg 682w, https:\/\/actualizateiguazu.com\/v3\/wp-content\/uploads\/2025\/12\/Diseno-sin-titulo-4-768x1152.jpg 768w, https:\/\/actualizateiguazu.com\/v3\/wp-content\/uploads\/2025\/12\/Diseno-sin-titulo-4-1024x1536.jpg 1024w\" sizes=\"auto, (max-width: 1333px) 100vw, 1333px\" \/><\/p>\n<p>Los ediles juraron uno a uno, primero Fabian De Sa, en segundo lugar, Carlos R\u00edos y en tercer lugar Graciela Sosa. Una vez incorporados al cuerpo deliberativo se procedi\u00f3 elegir a las autoridades que ocupar\u00e1s el cargo por un a\u00f1o. La propuesta fue elevada por Humberto Pereyra apoyada por Raquel Matcoski, postulando a Carlos Ros como presidente, vicepresidente primero Raquel Matcoski y vicepresidente segundo Humberto Pereira.<\/p>\n<p>Tal como lo indica la carta org\u00e1nica la votaci\u00f3n es nominal por la afirmativa o la negativa, los concejales oficialistas apoyaron a Carlos R\u00edos, no obstante, los ediles opositores ten\u00edan a otra persona en mente para que ocupe la presidencia, se trataba de Raquel Matcoski quien hizo uso de la palabra, agradeci\u00f3 la confianza y remarc\u00f3 que decidi\u00f3 acompa\u00f1ar al candidato m\u00e1s votado.<\/p>\n<p>De esta manera, el oficialismo mantiene la mayor\u00eda en el recinto otorg\u00e1ndole gobernabilidad al intendente Claudio Filippa. Se supo que los proyectos que ser\u00e1n tratados antes del receso son el aumento del boleto de transporte p\u00fablico de pasajeros y la ordenanza impositiva que regulara los aumentos de las tasas para el a\u00f1o 2026.<\/p>\n<p>Luego de la sesi\u00f3n preparatoria hubo un revuelo en la sede del Honorable Concejo Deliberante ya que seg\u00fan trascendi\u00f3 cambiaron las cerraduras de casi las puertas.<\/p>\n","protected":false},"excerpt":{"rendered":"<p>El frente renovador mantiene la mayor\u00eda en el Concejo Deliberante y en esta oportunidad directamente<\/p>\n","protected":false},"author":1,"featured_media":57722,"comment_status":"closed","ping_status":"open","sticky":false,"template":"","format":"standard","meta":{"footnotes":""},"categories":[1,226],"tags":[],"class_list":["post-57720","post","type-post","status-publish","format-standard","has-post-thumbnail","hentry","category-actualidad","category-locales"],"_links":{"self":[{"href":"https:\/\/actualizateiguazu.com\/v3\/wp-json\/wp\/v2\/posts\/57720","targetHints":{"allow":["GET"]}}],"collection":[{"href":"https:\/\/actualizateiguazu.com\/v3\/wp-json\/wp\/v2\/posts"}],"about":[{"href":"https:\/\/actualizateiguazu.com\/v3\/wp-json\/wp\/v2\/types\/post"}],"author":[{"embeddable":true,"href":"https:\/\/actualizateiguazu.com\/v3\/wp-json\/wp\/v2\/users\/1"}],"replies":[{"embeddable":true,"href":"https:\/\/actualizateiguazu.com\/v3\/wp-json\/wp\/v2\/comments?post=57720"}],"version-history":[{"count":1,"href":"https:\/\/actualizateiguazu.com\/v3\/wp-json\/wp\/v2\/posts\/57720\/revisions"}],"predecessor-version":[{"id":57724,"href":"https:\/\/actualizateiguazu.com\/v3\/wp-json\/wp\/v2\/posts\/57720\/revisions\/57724"}],"wp:featuredmedia":[{"embeddable":true,"href":"https:\/\/actualizateiguazu.com\/v3\/wp-json\/wp\/v2\/media\/57722"}],"wp:attachment":[{"href":"https:\/\/actualizateiguazu.com\/v3\/wp-json\/wp\/v2\/media?parent=57720"}],"wp:term":[{"taxonomy":"category","embeddable":true,"href":"https:\/\/actualizateiguazu.com\/v3\/wp-json\/wp\/v2\/categories?post=57720"},{"taxonomy":"post_tag","embeddable":true,"href":"https:\/\/actualizateiguazu.com\/v3\/wp-json\/wp\/v2\/tags?post=57720"}],"curies":[{"name":"wp","href":"https:\/\/api.w.org\/{rel}","templated":true}]}}