{"id":59122,"date":"2025-12-26T18:19:20","date_gmt":"2025-12-26T21:19:20","guid":{"rendered":"https:\/\/actualizateiguazu.com\/v3\/?p=59122"},"modified":"2025-12-26T18:19:20","modified_gmt":"2025-12-26T21:19:20","slug":"puerto-iguazu-ex-convicto-amenazo-a-su-pareja-con-un-machete-ataco-a-policias-y-termino-detenido","status":"publish","type":"post","link":"https:\/\/actualizateiguazu.com\/v3\/2025\/12\/26\/puerto-iguazu-ex-convicto-amenazo-a-su-pareja-con-un-machete-ataco-a-policias-y-termino-detenido\/","title":{"rendered":"Puerto Iguaz\u00fa: Ex convicto amenaz\u00f3 a su pareja con un machete, atac\u00f3 a polic\u00edas y termin\u00f3 detenido"},"content":{"rendered":"<p>Un hombre de 26 a\u00f1os fue detenido en la madrugada de este viernes en la ciudad de Puerto Iguaz\u00fa, tras protagonizar un violento episodio de amenazas, da\u00f1os, resistencia y atentado contra la autoridad, en el marco de un conflicto de pareja.<\/p>\n<p>El hecho ocurri\u00f3 alrededor de las 05:50 horas, cuando efectivos de la Comisar\u00eda Seccional Segunda de la Unidad Regional V fueron comisionados al barrio Costas del Mbocay, donde una mujer de 28 a\u00f1os denunci\u00f3 que hab\u00eda mantenido una discusi\u00f3n con su pareja, Andr\u00e9s Walter C. (26), quien la amenaz\u00f3 de muerte empu\u00f1ando un machete y provoc\u00f3 da\u00f1os en su motocicleta.<\/p>\n<p>Al dirigirse el personal policial al domicilio de la damnificada para verificar la situaci\u00f3n, fueron recibidos de manera agresiva por el acusado, quien arremeti\u00f3 contra los efectivos con un arma blanca tipo machete, poniendo en riesgo la integridad del personal actuante.<\/p>\n<p>Ante la gravedad del hecho, se solicit\u00f3 apoyo policial, haci\u00e9ndose presente personal del Comando Radioel\u00e9ctrico y de la Comisar\u00eda Seccional Tercera, logrando finalmente reducir y detener al agresor, procedi\u00e9ndose adem\u00e1s al secuestro de un machete.<\/p>\n<p>Cabe destacar que el detenido hab\u00eda salido recientemente de la Unidad Penal III, donde cumpl\u00eda condena por otros delitos. El procedimiento fue puesto en conocimiento del Juzgado de Instrucci\u00f3n N\u00b0 3 de Puerto Iguaz\u00fa, mientras contin\u00faan las diligencias de rigor.<\/p>\n","protected":false},"excerpt":{"rendered":"<p>Un hombre de 26 a\u00f1os fue detenido en la madrugada de este viernes en la<\/p>\n","protected":false},"author":1,"featured_media":59123,"comment_status":"closed","ping_status":"open","sticky":false,"template":"","format":"standard","meta":{"footnotes":""},"categories":[1,228],"tags":[],"class_list":["post-59122","post","type-post","status-publish","format-standard","has-post-thumbnail","hentry","category-actualidad","category-policiales"],"_links":{"self":[{"href":"https:\/\/actualizateiguazu.com\/v3\/wp-json\/wp\/v2\/posts\/59122","targetHints":{"allow":["GET"]}}],"collection":[{"href":"https:\/\/actualizateiguazu.com\/v3\/wp-json\/wp\/v2\/posts"}],"about":[{"href":"https:\/\/actualizateiguazu.com\/v3\/wp-json\/wp\/v2\/types\/post"}],"author":[{"embeddable":true,"href":"https:\/\/actualizateiguazu.com\/v3\/wp-json\/wp\/v2\/users\/1"}],"replies":[{"embeddable":true,"href":"https:\/\/actualizateiguazu.com\/v3\/wp-json\/wp\/v2\/comments?post=59122"}],"version-history":[{"count":1,"href":"https:\/\/actualizateiguazu.com\/v3\/wp-json\/wp\/v2\/posts\/59122\/revisions"}],"predecessor-version":[{"id":59124,"href":"https:\/\/actualizateiguazu.com\/v3\/wp-json\/wp\/v2\/posts\/59122\/revisions\/59124"}],"wp:featuredmedia":[{"embeddable":true,"href":"https:\/\/actualizateiguazu.com\/v3\/wp-json\/wp\/v2\/media\/59123"}],"wp:attachment":[{"href":"https:\/\/actualizateiguazu.com\/v3\/wp-json\/wp\/v2\/media?parent=59122"}],"wp:term":[{"taxonomy":"category","embeddable":true,"href":"https:\/\/actualizateiguazu.com\/v3\/wp-json\/wp\/v2\/categories?post=59122"},{"taxonomy":"post_tag","embeddable":true,"href":"https:\/\/actualizateiguazu.com\/v3\/wp-json\/wp\/v2\/tags?post=59122"}],"curies":[{"name":"wp","href":"https:\/\/api.w.org\/{rel}","templated":true}]}}