{"id":59192,"date":"2025-12-27T17:06:30","date_gmt":"2025-12-27T20:06:30","guid":{"rendered":"https:\/\/actualizateiguazu.com\/v3\/?p=59192"},"modified":"2025-12-27T17:06:30","modified_gmt":"2025-12-27T20:06:30","slug":"iguazu-se-multiplican-los-espacios-publicos-en-estado-de-abandono","status":"publish","type":"post","link":"https:\/\/actualizateiguazu.com\/v3\/2025\/12\/27\/iguazu-se-multiplican-los-espacios-publicos-en-estado-de-abandono\/","title":{"rendered":"Iguaz\u00fa: Se multiplican los espacios p\u00fablicos en estado de abandono"},"content":{"rendered":"<p>Durante el receso de verano los ni\u00f1os cuentan con muy pocos espacios de esparcimiento en buen estado. La plaza de Los ni\u00f1os continua en estado deplorable pese a las promesas pol\u00edticas hechas hace varios a\u00f1os atr\u00e1s.<\/p>\n<p>Son pocos los espacios p\u00fablicos que se encuentran en condiciones para que ni\u00f1os puedan utilizar el espacio para esparcimiento y disfrutar al aire libre. Varias plazas cuentan con juegos en mal estado algunos revisten peligro para los ni\u00f1os y otros como la plaza de Los Ni\u00f1os se encuentran en estado de abandono propiciando albergue a los maleantes que muchas veces usan la construcci\u00f3n del lugar como refugio. El lugar ya no cuenta con juegos para ni\u00f1os.<\/p>\n<p>En la ultima semana se instal\u00f3 en el espacio en medio de las malezas un Parque de Diversiones temporal como todos los a\u00f1os, pero en esta oportunidad la falta de senderos y las malezas revisten peligro constante para las personas ya que en el predio se podr\u00edan esconder v\u00edboras y ara\u00f1as entre otras alima\u00f1as.<\/p>\n<div style=\"width: 640px;\" class=\"wp-video\"><video class=\"wp-video-shortcode\" id=\"video-59192-1\" width=\"640\" height=\"360\" preload=\"metadata\" controls=\"controls\"><source type=\"video\/mp4\" src=\"https:\/\/actualizateiguazu.com\/v3\/wp-content\/uploads\/2025\/12\/VID_20251227_120906.mp4?_=1\" \/><a href=\"https:\/\/actualizateiguazu.com\/v3\/wp-content\/uploads\/2025\/12\/VID_20251227_120906.mp4\">https:\/\/actualizateiguazu.com\/v3\/wp-content\/uploads\/2025\/12\/VID_20251227_120906.mp4<\/a><\/video><\/div>\n<p>Cabe recordar que en el mismo predio varios equipos de f\u00fatbol realizan sus pr\u00e1cticas deportivas y muchas personas usan el espacio para caminar o correr en la cancha. Hace varios a\u00f1os desde el municipio anunci\u00f3 la puesta en valor de la plaza, con la construcci\u00f3n de veredas perimetrales ya que es espacio publico carece de ellas. Refacci\u00f3n el castillito y colocaci\u00f3n de juegos infantiles nuevos. La noticia causo alegr\u00eda en los moradores, pero ya han pasado 4 a\u00f1os y solamente se ha quitado tierra de una de las esquinas usado como microbasural por personas ignoradas.<\/p>\n<p>Se ha presentado un proyecto por parte del municipio, sin embargo, no trascendi\u00f3 si estos lograron financiamiento o si fueron presentados al gobierno provincial en alg\u00fan momento. El proyecto hasta contemplaba una pista de skaters, espacios para ni\u00f1os, canchas de futbol y una refacci\u00f3n integral del castillito, fue anunciado pero hasta el momento no hay indicios de una posible ejecuci\u00f3n.<\/p>\n<figure id=\"attachment_59196\" aria-describedby=\"caption-attachment-59196\" style=\"width: 1280px\" class=\"wp-caption alignnone\"><img loading=\"lazy\" decoding=\"async\" class=\"wp-image-59196 size-full\" src=\"https:\/\/actualizateiguazu.com\/v3\/wp-content\/uploads\/2025\/12\/9.jpg\" alt=\"Imagen del proyecto de puesta en valor de la plaza de Los Ni\u00f1os\" width=\"1280\" height=\"720\" srcset=\"https:\/\/actualizateiguazu.com\/v3\/wp-content\/uploads\/2025\/12\/9.jpg 1280w, https:\/\/actualizateiguazu.com\/v3\/wp-content\/uploads\/2025\/12\/9-300x169.jpg 300w, https:\/\/actualizateiguazu.com\/v3\/wp-content\/uploads\/2025\/12\/9-1024x576.jpg 1024w, https:\/\/actualizateiguazu.com\/v3\/wp-content\/uploads\/2025\/12\/9-768x432.jpg 768w, https:\/\/actualizateiguazu.com\/v3\/wp-content\/uploads\/2025\/12\/9-800x450.jpg 800w\" sizes=\"auto, (max-width: 1280px) 100vw, 1280px\" \/><figcaption id=\"caption-attachment-59196\" class=\"wp-caption-text\"><strong>Imagen del proyecto de las plaza de Los Ni\u00f1os<\/strong><\/figcaption><\/figure>\n","protected":false},"excerpt":{"rendered":"<p>Durante el receso de verano los ni\u00f1os cuentan con muy pocos espacios de esparcimiento en<\/p>\n","protected":false},"author":1,"featured_media":59194,"comment_status":"closed","ping_status":"open","sticky":false,"template":"","format":"standard","meta":{"footnotes":""},"categories":[1,226],"tags":[],"class_list":["post-59192","post","type-post","status-publish","format-standard","has-post-thumbnail","hentry","category-actualidad","category-locales"],"_links":{"self":[{"href":"https:\/\/actualizateiguazu.com\/v3\/wp-json\/wp\/v2\/posts\/59192","targetHints":{"allow":["GET"]}}],"collection":[{"href":"https:\/\/actualizateiguazu.com\/v3\/wp-json\/wp\/v2\/posts"}],"about":[{"href":"https:\/\/actualizateiguazu.com\/v3\/wp-json\/wp\/v2\/types\/post"}],"author":[{"embeddable":true,"href":"https:\/\/actualizateiguazu.com\/v3\/wp-json\/wp\/v2\/users\/1"}],"replies":[{"embeddable":true,"href":"https:\/\/actualizateiguazu.com\/v3\/wp-json\/wp\/v2\/comments?post=59192"}],"version-history":[{"count":1,"href":"https:\/\/actualizateiguazu.com\/v3\/wp-json\/wp\/v2\/posts\/59192\/revisions"}],"predecessor-version":[{"id":59197,"href":"https:\/\/actualizateiguazu.com\/v3\/wp-json\/wp\/v2\/posts\/59192\/revisions\/59197"}],"wp:featuredmedia":[{"embeddable":true,"href":"https:\/\/actualizateiguazu.com\/v3\/wp-json\/wp\/v2\/media\/59194"}],"wp:attachment":[{"href":"https:\/\/actualizateiguazu.com\/v3\/wp-json\/wp\/v2\/media?parent=59192"}],"wp:term":[{"taxonomy":"category","embeddable":true,"href":"https:\/\/actualizateiguazu.com\/v3\/wp-json\/wp\/v2\/categories?post=59192"},{"taxonomy":"post_tag","embeddable":true,"href":"https:\/\/actualizateiguazu.com\/v3\/wp-json\/wp\/v2\/tags?post=59192"}],"curies":[{"name":"wp","href":"https:\/\/api.w.org\/{rel}","templated":true}]}}