{"id":61636,"date":"2026-02-09T12:23:52","date_gmt":"2026-02-09T15:23:52","guid":{"rendered":"https:\/\/actualizateiguazu.com\/v3\/?p=61636"},"modified":"2026-02-09T20:19:02","modified_gmt":"2026-02-09T23:19:02","slug":"el-reconocido-docente-javier-rodas-tuvo-un-acv-mientras-vacacionaba-en-brasil","status":"publish","type":"post","link":"https:\/\/actualizateiguazu.com\/v3\/2026\/02\/09\/el-reconocido-docente-javier-rodas-tuvo-un-acv-mientras-vacacionaba-en-brasil\/","title":{"rendered":"El reconocido docente Javier Rodas tuvo un ACV mientras vacacionaba en Brasil"},"content":{"rendered":"<p style=\"text-align: center;\">Permanece internado en Terapia intensiva, amigos, colegas y referentes de la comunidad lamentan lo ocurrido. Los familiares tienen fe que pueda superar.<\/p>\n<p>El docente Javier Rodas uno de los impulsores de la educaci\u00f3n intercultural en Puerto Iguaz\u00fa sufri\u00f3 un accidente cerebrovascular (ACV) mientras se encontraba de vacaciones junto a su familia en Brasil. Los familiares esperan una repueraci\u00f3n ya que permenece internado en Terapia intensiva. La noticia conmovi\u00f3 a toda la comunidad y a los pueblos originarios.<\/p>\n<p>Docente de ley, luchador, visionario y sobre todo con una entrega total hacia sus alumnos que ve\u00edan en el un padre protector blanco que los acompa\u00f1aba en todo momento. Javier Rodas dejaria un vac\u00edo enorme en los corazones de todos los que fueron testigos de su lucha. Con la educaci\u00f3n como estandarte supo inculcar la semilla del saber en sus alumnos y colegas. Luch\u00f3 por sus alumnos, siempre gestionando mejoras para su escuelita, la escuela Intercultural Biling\u00fce 941 Jasy Pora.<\/p>\n<p><img loading=\"lazy\" decoding=\"async\" class=\"alignnone size-full wp-image-61638\" src=\"https:\/\/actualizateiguazu.com\/v3\/wp-content\/uploads\/2026\/02\/630703820_10236000296222231_798335795189059661_n.jpg\" alt=\"\" width=\"960\" height=\"954\" srcset=\"https:\/\/actualizateiguazu.com\/v3\/wp-content\/uploads\/2026\/02\/630703820_10236000296222231_798335795189059661_n.jpg 960w, https:\/\/actualizateiguazu.com\/v3\/wp-content\/uploads\/2026\/02\/630703820_10236000296222231_798335795189059661_n-300x298.jpg 300w, https:\/\/actualizateiguazu.com\/v3\/wp-content\/uploads\/2026\/02\/630703820_10236000296222231_798335795189059661_n-150x150.jpg 150w, https:\/\/actualizateiguazu.com\/v3\/wp-content\/uploads\/2026\/02\/630703820_10236000296222231_798335795189059661_n-768x763.jpg 768w\" sizes=\"auto, (max-width: 960px) 100vw, 960px\" \/><\/p>\n<p>En su trayectoria ha encabezado proyectos muy importantes, quiz\u00e1s el mas destacado fue la coproducci\u00f3n del diccionario Mbya Guarani que quedar\u00e1 como legado de su trabajo y su pasi\u00f3n por la cultura Mbya. Dedic\u00f3 su vida a apoyar y empoderar a los integrantes de la comunidad en el marco de la lucha por sus derechos. Muchas veces fue el mediador necesario para que alcancen metas.<\/p>\n<p>Hoy, en las redes sociales la comunidad de Puerto Iguaz\u00fa, lo despide recordando sus ense\u00f1anzas y buscan consuelo en uno de sus \u00faltimos posteos donde se lo ve\u00eda en una foto mirando al horizonte en la playa con la leyenda \u00abSi ya que estamos de paso, dejemos huellas bonitas, la vida es solo un rato&#8230;\u00bb<\/p>\n<p><img loading=\"lazy\" decoding=\"async\" class=\"alignnone size-full wp-image-61640\" src=\"https:\/\/actualizateiguazu.com\/v3\/wp-content\/uploads\/2026\/02\/628454189_10235986149708577_373000762688575218_n.jpg\" alt=\"\" width=\"1200\" height=\"1200\" srcset=\"https:\/\/actualizateiguazu.com\/v3\/wp-content\/uploads\/2026\/02\/628454189_10235986149708577_373000762688575218_n.jpg 1200w, https:\/\/actualizateiguazu.com\/v3\/wp-content\/uploads\/2026\/02\/628454189_10235986149708577_373000762688575218_n-300x300.jpg 300w, https:\/\/actualizateiguazu.com\/v3\/wp-content\/uploads\/2026\/02\/628454189_10235986149708577_373000762688575218_n-1024x1024.jpg 1024w, https:\/\/actualizateiguazu.com\/v3\/wp-content\/uploads\/2026\/02\/628454189_10235986149708577_373000762688575218_n-150x150.jpg 150w, https:\/\/actualizateiguazu.com\/v3\/wp-content\/uploads\/2026\/02\/628454189_10235986149708577_373000762688575218_n-768x768.jpg 768w\" sizes=\"auto, (max-width: 1200px) 100vw, 1200px\" \/><\/p>\n<p>&nbsp;<\/p>\n","protected":false},"excerpt":{"rendered":"<p>Permanece internado en Terapia intensiva, amigos, colegas y referentes de la comunidad lamentan lo ocurrido.<\/p>\n","protected":false},"author":1,"featured_media":61639,"comment_status":"closed","ping_status":"open","sticky":false,"template":"","format":"standard","meta":{"footnotes":""},"categories":[1,226],"tags":[],"class_list":["post-61636","post","type-post","status-publish","format-standard","has-post-thumbnail","hentry","category-actualidad","category-locales"],"_links":{"self":[{"href":"https:\/\/actualizateiguazu.com\/v3\/wp-json\/wp\/v2\/posts\/61636","targetHints":{"allow":["GET"]}}],"collection":[{"href":"https:\/\/actualizateiguazu.com\/v3\/wp-json\/wp\/v2\/posts"}],"about":[{"href":"https:\/\/actualizateiguazu.com\/v3\/wp-json\/wp\/v2\/types\/post"}],"author":[{"embeddable":true,"href":"https:\/\/actualizateiguazu.com\/v3\/wp-json\/wp\/v2\/users\/1"}],"replies":[{"embeddable":true,"href":"https:\/\/actualizateiguazu.com\/v3\/wp-json\/wp\/v2\/comments?post=61636"}],"version-history":[{"count":4,"href":"https:\/\/actualizateiguazu.com\/v3\/wp-json\/wp\/v2\/posts\/61636\/revisions"}],"predecessor-version":[{"id":61647,"href":"https:\/\/actualizateiguazu.com\/v3\/wp-json\/wp\/v2\/posts\/61636\/revisions\/61647"}],"wp:featuredmedia":[{"embeddable":true,"href":"https:\/\/actualizateiguazu.com\/v3\/wp-json\/wp\/v2\/media\/61639"}],"wp:attachment":[{"href":"https:\/\/actualizateiguazu.com\/v3\/wp-json\/wp\/v2\/media?parent=61636"}],"wp:term":[{"taxonomy":"category","embeddable":true,"href":"https:\/\/actualizateiguazu.com\/v3\/wp-json\/wp\/v2\/categories?post=61636"},{"taxonomy":"post_tag","embeddable":true,"href":"https:\/\/actualizateiguazu.com\/v3\/wp-json\/wp\/v2\/tags?post=61636"}],"curies":[{"name":"wp","href":"https:\/\/api.w.org\/{rel}","templated":true}]}}