{"id":61931,"date":"2026-03-09T10:06:04","date_gmt":"2026-03-09T13:06:04","guid":{"rendered":"https:\/\/actualizateiguazu.com\/v3\/?p=61931"},"modified":"2026-03-09T10:58:21","modified_gmt":"2026-03-09T13:58:21","slug":"el-dia-del-gualambao-se-celebrara-desde-puerto-iguazu","status":"publish","type":"post","link":"https:\/\/actualizateiguazu.com\/v3\/2026\/03\/09\/el-dia-del-gualambao-se-celebrara-desde-puerto-iguazu\/","title":{"rendered":"El D\u00eda del Gualambao se celebrar\u00e1 desde Puerto Iguaz\u00fa"},"content":{"rendered":"\n<p class=\"has-text-align-center\"><strong><em>Celebrar\u00e1n el legado de Ramon Ayala en Iguaz\u00fa con una serie de actividades did\u00e1cticas, reconocimientos y mucha m\u00fasica este martes 10 de marzo.<\/em><\/strong><\/p>\n\n\n\n<p>Con el acompa\u00f1amiento de la Municipalidad de Puerto Iguaz\u00fa, la Secretaria de Estado de Cultura de la Provincia est\u00e1 organizando la celebraci\u00f3n de esta fecha tan cara a los misioneros. Ser\u00e1 de forma sencilla y cercana a la comunidad, y con la estimada presencia de Mar\u00eda Teresa Cuenca, su esposa. Ser\u00e1 el martes 10 de marzo no solo es el D\u00eda del Gualambao, sino tambi\u00e9n el punto en que se empiezan a transitar los 365 d\u00edas previos a celebrar los 100 a\u00f1os del nacimiento de Ram\u00f3n Ayala.<\/p>\n\n\n\n<p>En efecto, el 10 de marzo de 1927 Ram\u00f3n Gumercindo Cidade nac\u00eda en Garup\u00e1, provincia de Misiones, iniciando una vida larga y provechosa, en la que abraz\u00f3 artes como la pintura, las letras, y sobre todo, la composici\u00f3n musical. No s\u00f3lo cre\u00f3 temas que hoy suenan como himnos de la tierra roja y el monte, sino que se atrevi\u00f3 a crear un ritmo, el gualambao. \u201cpara representar a Misiones\u201d. Se caracteriza por ser una fusi\u00f3n de polca misionera, galopa y canci\u00f3n misionera, estructurado en un comp\u00e1s compuesto de 12\/8 que le otorga un swing y una r\u00edtmica \u00fanicos. En 2017 el Congreso argentino declar\u00f3 el 10 de marzo de cada a\u00f1o \u201cD\u00eda Nacional del Gualambao\u201d.<\/p>\n\n\n\n<p>Irrepetible, a trav\u00e9s de sus canciones, Ram\u00f3n Ayala cincel\u00f3 con gracia y sapiencia, paisajes y personajes fuertemente enraizados a la historia y geograf\u00eda de Misiones. Retrato de un pescador, Pan del agua, El Mens\u00fa, El cachapecero, El jangadero y El cosechero, entre otras canciones, dibujaron a esa tierra colorada que, a pesar de la distancia, siempre mantuvo en su coraz\u00f3n. \u201cLa enorme figura de Ram\u00f3n sigue generando hechos culturales y lo seguir\u00e1 haciendo por siempre, para el orgullo y recuerdo de todo el pueblo misionero\u201d, expres\u00f3 Joselo Schuap, quien estar\u00e1 participando de esta jornada de homenaje.<\/p>\n\n\n\n<p>Programa de un d\u00eda emotivo<\/p>\n\n\n\n<p>El programa de actividades del d\u00eda martes 10 se inicia a las 9.30 hs en la escuela Normal N8, que se encuentra en la entrada a Iguaz\u00fa. A las 10 hs, all\u00ed se har\u00e1 la apertura del Camino del Gualambao. Se trata de un espacio de charla y concierto did\u00e1ctico sobre el ritmo creado por Ram\u00f3n de 12 compases por ocho, a cargo de Cacho Bernal, junto a Miguel Alfonso y Nicol\u00e1s Encina.<\/p>\n\n\n\n<p>A las 18 hs se har\u00e1 una ofrenda floral en el anfiteatro \u201cRam\u00f3n Ayala\u201d de Iguaz\u00fa, con el intendente, vecinas y vecinos. Ser\u00e1 en la zona donde, en 2024 se puso una placa y se plant\u00f3 un lapacho, como se hizo en varios puntos de la provincia, en una gira en homenaje a Ram\u00f3n Ayala.<\/p>\n\n\n\n<p>De 19.30 a 21.30 hs se presentar\u00e1 el programa \u201cCamino al Centenario de Ram\u00f3n Ayala\u201d, en el patio de \u201cLa Caba\u00f1a de los Mu\u00f1ecos\u201d, con entrada libre y gratuita. All\u00ed estar\u00e1n Herencia Gaucha, Juani Scmelke, Miguel Alfonso, Cacho Bernal, Nico Encina, Roberto Caminos, los t\u00edteres de Kossa Nostra y otros artistas que se ir\u00e1n sumando. Tambi\u00e9n habr\u00e1 dibujo y pintura en vivo con la artista Marisol Gorgues.<\/p>\n\n\n\n<p>Se invita a la comunidad a acercarse a celebrar esta fecha.<\/p>\n","protected":false},"excerpt":{"rendered":"<p>Celebrar\u00e1n el legado de Ramon Ayala en Iguaz\u00fa con una serie de actividades did\u00e1cticas, reconocimientos<\/p>\n","protected":false},"author":1,"featured_media":61932,"comment_status":"closed","ping_status":"open","sticky":false,"template":"","format":"standard","meta":{"footnotes":""},"categories":[1,222,226],"tags":[],"class_list":["post-61931","post","type-post","status-publish","format-standard","has-post-thumbnail","hentry","category-actualidad","category-cultura","category-locales"],"_links":{"self":[{"href":"https:\/\/actualizateiguazu.com\/v3\/wp-json\/wp\/v2\/posts\/61931","targetHints":{"allow":["GET"]}}],"collection":[{"href":"https:\/\/actualizateiguazu.com\/v3\/wp-json\/wp\/v2\/posts"}],"about":[{"href":"https:\/\/actualizateiguazu.com\/v3\/wp-json\/wp\/v2\/types\/post"}],"author":[{"embeddable":true,"href":"https:\/\/actualizateiguazu.com\/v3\/wp-json\/wp\/v2\/users\/1"}],"replies":[{"embeddable":true,"href":"https:\/\/actualizateiguazu.com\/v3\/wp-json\/wp\/v2\/comments?post=61931"}],"version-history":[{"count":2,"href":"https:\/\/actualizateiguazu.com\/v3\/wp-json\/wp\/v2\/posts\/61931\/revisions"}],"predecessor-version":[{"id":61934,"href":"https:\/\/actualizateiguazu.com\/v3\/wp-json\/wp\/v2\/posts\/61931\/revisions\/61934"}],"wp:featuredmedia":[{"embeddable":true,"href":"https:\/\/actualizateiguazu.com\/v3\/wp-json\/wp\/v2\/media\/61932"}],"wp:attachment":[{"href":"https:\/\/actualizateiguazu.com\/v3\/wp-json\/wp\/v2\/media?parent=61931"}],"wp:term":[{"taxonomy":"category","embeddable":true,"href":"https:\/\/actualizateiguazu.com\/v3\/wp-json\/wp\/v2\/categories?post=61931"},{"taxonomy":"post_tag","embeddable":true,"href":"https:\/\/actualizateiguazu.com\/v3\/wp-json\/wp\/v2\/tags?post=61931"}],"curies":[{"name":"wp","href":"https:\/\/api.w.org\/{rel}","templated":true}]}}