{"id":61947,"date":"2026-03-10T19:19:44","date_gmt":"2026-03-10T22:19:44","guid":{"rendered":"https:\/\/actualizateiguazu.com\/v3\/?p=61947"},"modified":"2026-03-10T20:34:26","modified_gmt":"2026-03-10T23:34:26","slug":"delincuente-con-frondoso-prontuario-escapaba-con-una-motocicleta-robada","status":"publish","type":"post","link":"https:\/\/actualizateiguazu.com\/v3\/2026\/03\/10\/delincuente-con-frondoso-prontuario-escapaba-con-una-motocicleta-robada\/","title":{"rendered":"Delincuente con frondoso prontuario escapaba  con una motocicleta robada."},"content":{"rendered":"\n<p class=\"has-text-align-center\"><strong><em>La motocicleta fue recuperada a las pocas horas de haber sido robada. Por el hecho fue detenido Diego N. de 32 a\u00f1os.<\/em><\/strong><\/p>\n\n\n\n<p>Se trata de una motocicleta marca Guerrero de 110 c.c. robada en las \u00faltimas horas cuando se hallaba estacionada sobre avenida Marta Schwarz de esta ciudad en perjuicio de un hombre de 27 a\u00f1os. La misma fue recuperada en un r\u00e1pido accionar por parte de los investigadores.<\/p>\n\n\n\n<p>El procedimiento se llev\u00f3 a cabo tras la denuncia del damnificado quien alert\u00f3 a los efectivos de la comisar\u00eda seccional 1era la sustracci\u00f3n del rodado, inmediatamente y luego de exhaustivas pesquisas realizadas en distintos barrios como resultado la polic\u00eda recuper\u00f3 el motoveh\u00edculo y en averiguaci\u00f3n del hecho fue detenido Diego N. 32 a\u00f1os quien fue detenido cuando intentaba escapar de los uniformados en su poder se hall\u00f3 el motoveh\u00edculo robado.<\/p>\n\n\n\n<p>Posteriormente se traslad\u00f3 el motoveh\u00edculo a sede policial donde qued\u00f3 depositado a los fines de ser restituido a su damnificado.<\/p>\n\n\n\n<p>Cabe aclarar que el detenido adem\u00e1s registra numerosos antecedentes delictivos, permaneciendo alojado en sede policial a disposici\u00f3n de la justicia<\/p>\n","protected":false},"excerpt":{"rendered":"<p>La motocicleta fue recuperada a las pocas horas de haber sido robada. Por el hecho<\/p>\n","protected":false},"author":1,"featured_media":61948,"comment_status":"closed","ping_status":"open","sticky":false,"template":"","format":"standard","meta":{"footnotes":""},"categories":[1,228],"tags":[],"class_list":["post-61947","post","type-post","status-publish","format-standard","has-post-thumbnail","hentry","category-actualidad","category-policiales"],"_links":{"self":[{"href":"https:\/\/actualizateiguazu.com\/v3\/wp-json\/wp\/v2\/posts\/61947","targetHints":{"allow":["GET"]}}],"collection":[{"href":"https:\/\/actualizateiguazu.com\/v3\/wp-json\/wp\/v2\/posts"}],"about":[{"href":"https:\/\/actualizateiguazu.com\/v3\/wp-json\/wp\/v2\/types\/post"}],"author":[{"embeddable":true,"href":"https:\/\/actualizateiguazu.com\/v3\/wp-json\/wp\/v2\/users\/1"}],"replies":[{"embeddable":true,"href":"https:\/\/actualizateiguazu.com\/v3\/wp-json\/wp\/v2\/comments?post=61947"}],"version-history":[{"count":2,"href":"https:\/\/actualizateiguazu.com\/v3\/wp-json\/wp\/v2\/posts\/61947\/revisions"}],"predecessor-version":[{"id":61951,"href":"https:\/\/actualizateiguazu.com\/v3\/wp-json\/wp\/v2\/posts\/61947\/revisions\/61951"}],"wp:featuredmedia":[{"embeddable":true,"href":"https:\/\/actualizateiguazu.com\/v3\/wp-json\/wp\/v2\/media\/61948"}],"wp:attachment":[{"href":"https:\/\/actualizateiguazu.com\/v3\/wp-json\/wp\/v2\/media?parent=61947"}],"wp:term":[{"taxonomy":"category","embeddable":true,"href":"https:\/\/actualizateiguazu.com\/v3\/wp-json\/wp\/v2\/categories?post=61947"},{"taxonomy":"post_tag","embeddable":true,"href":"https:\/\/actualizateiguazu.com\/v3\/wp-json\/wp\/v2\/tags?post=61947"}],"curies":[{"name":"wp","href":"https:\/\/api.w.org\/{rel}","templated":true}]}}