{"id":61957,"date":"2026-03-11T10:41:04","date_gmt":"2026-03-11T13:41:04","guid":{"rendered":"https:\/\/actualizateiguazu.com\/v3\/?p=61957"},"modified":"2026-03-11T10:41:05","modified_gmt":"2026-03-11T13:41:05","slug":"recorre-los-merenderos-para-cortar-el-cabello-gratis-a-los-ninos","status":"publish","type":"post","link":"https:\/\/actualizateiguazu.com\/v3\/2026\/03\/11\/recorre-los-merenderos-para-cortar-el-cabello-gratis-a-los-ninos\/","title":{"rendered":"Recorre los merenderos para cortar el cabello gratis a los ni\u00f1os"},"content":{"rendered":"\n<p class=\"has-text-align-center\"><strong><em>Una peluquera residente de Puerto Iguaz\u00fa comenz\u00f3 una cruzada solidaria para ayudar a los que menos tienen recorre zonas vulnerables y corta del cabello de forma gratuita.<\/em><\/strong><\/p>\n\n\n\n<p>La solidaridad se hace notar, sobretodo en tiempos de crisis, en los merenderos se registra un incremento de asistentes que asisten buscando una copa de leche pero que acarrean una serie de necesidades que demandan dinero que escasea. Ante esta situaci\u00f3n Cintia Machado peluquera de profesi\u00f3n sinti\u00f3 la necesidad de volver a la gente un poco de lo que le han dado en estos a\u00f1os y comenz\u00f3 a recorrer los merenderos para ofrecer sus servicios de corte de cabello de forma gratuita.<\/p>\n\n\n\n<p>Tras la decisi\u00f3n comenz\u00f3 a recorrer los barrios y a ofrecer el servicio coordino con varios merenderos el d\u00eda y el horario y empez\u00f3. \u201cSoy de Montecarlo, hace 5 a\u00f1os vivo en Iguaz\u00fa, trabaj\u00e9 en varias peluquer\u00edas que ahora cerraron, entonces sent\u00ed que tenia que devolver a la comunidad todo lo que me dio y empec\u00e9\u201d<\/p>\n\n\n\n<figure class=\"wp-block-image size-large\"><img loading=\"lazy\" decoding=\"async\" width=\"769\" height=\"1024\" src=\"https:\/\/actualizateiguazu.com\/v3\/wp-content\/uploads\/2026\/03\/WhatsApp-Image-2026-03-10-at-13.39.08-769x1024.jpeg\" alt=\"\" class=\"wp-image-61958\" srcset=\"https:\/\/actualizateiguazu.com\/v3\/wp-content\/uploads\/2026\/03\/WhatsApp-Image-2026-03-10-at-13.39.08-769x1024.jpeg 769w, https:\/\/actualizateiguazu.com\/v3\/wp-content\/uploads\/2026\/03\/WhatsApp-Image-2026-03-10-at-13.39.08-225x300.jpeg 225w, https:\/\/actualizateiguazu.com\/v3\/wp-content\/uploads\/2026\/03\/WhatsApp-Image-2026-03-10-at-13.39.08-768x1023.jpeg 768w, https:\/\/actualizateiguazu.com\/v3\/wp-content\/uploads\/2026\/03\/WhatsApp-Image-2026-03-10-at-13.39.08-1153x1536.jpeg 1153w, https:\/\/actualizateiguazu.com\/v3\/wp-content\/uploads\/2026\/03\/WhatsApp-Image-2026-03-10-at-13.39.08-450x600.jpeg 450w, https:\/\/actualizateiguazu.com\/v3\/wp-content\/uploads\/2026\/03\/WhatsApp-Image-2026-03-10-at-13.39.08.jpeg 1201w\" sizes=\"auto, (max-width: 769px) 100vw, 769px\" \/><\/figure>\n\n\n\n<p>La primera locaci\u00f3n fue el Merendero de Do\u00f1a Oli en barrio San Lucas, el pasado lunes. Estuvo trabajando con los ni\u00f1os \u201cFue una jornada muy linda, nunca me sent\u00ed tan \u00fatil y tan llena de alegr\u00eda. El mejor pago que recib\u00ed fue la sonrisa y el abrazo de los ni\u00f1os que atend\u00ed. Sinceramente volv\u00ed a mi casa llena de alegr\u00eda\u201d<\/p>\n\n\n\n<p>El martes el panorama fue muy diferente, se acerco al Merendero San Jos\u00e9 Obrero impulsado por Caritas, al lugar asisten muchos ni\u00f1os en estado de vulnerabilidad y muchos de ellos con padres ausente por el consumo problem\u00e1tico. \u201cLa situaci\u00f3n fue diferente volv\u00ed muy triste por la necesidad que vi ah\u00ed. Hice mi trabajo con alegr\u00eda, pero muchos de estos ni\u00f1os necesitan mucha ayuda, hay mucha necesidad realmente\u201d indico Machado<\/p>\n\n\n\n<p>La peluquera de 39 a\u00f1os continuara con la recorrida, en los pr\u00f3ximos d\u00edas ya coordino visitas incluso busca llegar al Hogar de Dia a ofrecer sus servicios y aportar su granito de arena para una sociedad un poco mas justa para los que menos tienen.<\/p>\n","protected":false},"excerpt":{"rendered":"<p>Una peluquera residente de Puerto Iguaz\u00fa comenz\u00f3 una cruzada solidaria para ayudar a los que<\/p>\n","protected":false},"author":1,"featured_media":61959,"comment_status":"closed","ping_status":"open","sticky":false,"template":"","format":"standard","meta":{"footnotes":""},"categories":[1,226,232],"tags":[],"class_list":["post-61957","post","type-post","status-publish","format-standard","has-post-thumbnail","hentry","category-actualidad","category-locales","category-sociedad"],"_links":{"self":[{"href":"https:\/\/actualizateiguazu.com\/v3\/wp-json\/wp\/v2\/posts\/61957","targetHints":{"allow":["GET"]}}],"collection":[{"href":"https:\/\/actualizateiguazu.com\/v3\/wp-json\/wp\/v2\/posts"}],"about":[{"href":"https:\/\/actualizateiguazu.com\/v3\/wp-json\/wp\/v2\/types\/post"}],"author":[{"embeddable":true,"href":"https:\/\/actualizateiguazu.com\/v3\/wp-json\/wp\/v2\/users\/1"}],"replies":[{"embeddable":true,"href":"https:\/\/actualizateiguazu.com\/v3\/wp-json\/wp\/v2\/comments?post=61957"}],"version-history":[{"count":1,"href":"https:\/\/actualizateiguazu.com\/v3\/wp-json\/wp\/v2\/posts\/61957\/revisions"}],"predecessor-version":[{"id":61961,"href":"https:\/\/actualizateiguazu.com\/v3\/wp-json\/wp\/v2\/posts\/61957\/revisions\/61961"}],"wp:featuredmedia":[{"embeddable":true,"href":"https:\/\/actualizateiguazu.com\/v3\/wp-json\/wp\/v2\/media\/61959"}],"wp:attachment":[{"href":"https:\/\/actualizateiguazu.com\/v3\/wp-json\/wp\/v2\/media?parent=61957"}],"wp:term":[{"taxonomy":"category","embeddable":true,"href":"https:\/\/actualizateiguazu.com\/v3\/wp-json\/wp\/v2\/categories?post=61957"},{"taxonomy":"post_tag","embeddable":true,"href":"https:\/\/actualizateiguazu.com\/v3\/wp-json\/wp\/v2\/tags?post=61957"}],"curies":[{"name":"wp","href":"https:\/\/api.w.org\/{rel}","templated":true}]}}