{"id":61962,"date":"2026-03-11T17:07:14","date_gmt":"2026-03-11T20:07:14","guid":{"rendered":"https:\/\/actualizateiguazu.com\/v3\/?p=61962"},"modified":"2026-03-11T17:22:12","modified_gmt":"2026-03-11T20:22:12","slug":"iguazu-homenajearon-a-ramon-ayala-en-el-dia-nacional-del-gualambao","status":"publish","type":"post","link":"https:\/\/actualizateiguazu.com\/v3\/2026\/03\/11\/iguazu-homenajearon-a-ramon-ayala-en-el-dia-nacional-del-gualambao\/","title":{"rendered":"Iguaz\u00fa: Homenajearon a Ram\u00f3n Ayala en el d\u00eda nacional del Gualambao"},"content":{"rendered":"\n<p class=\"has-text-align-center\"><strong><em>El homenaje incluyo un concierto did\u00e1ctico, una ofrenda floral y una pe\u00f1a folcl\u00f3rica en el d\u00eda del Gualambao que el \u201cMens\u00fa\u201d supo sembrar en la identidad del Litora<\/em><\/strong>l.<\/p>\n\n\n\n<p>El d\u00eda en que Ramon Ayala, musico, poeta y pintor misionero habr\u00eda cumplido 99 a\u00f1os se llev\u00f3 a cabo una serie de actividades para recordar y rendir homenaje al \u201cMens\u00fa\u201d. Fue una intensa jornada que contemplo una serie de actividades a lo largo del d\u00eda. La jornada fue organizada por la secretaria de Cultura de la provincia de Misiones con el apoyo de la Municipalidad de Puerto Iguaz\u00fa.<\/p>\n\n\n\n<p>El formato elegido por la Secretar\u00eda de Estado de Cultura de la Provincia fue arribar a Iguaz\u00fa, con una delegaci\u00f3n de artistas y referentes culturales, con el objetivo de mantener viva la memoria de el \u201cMens\u00fa\u201d, promoviendo el conocimiento de su legado y as\u00ed, dar inicio al a\u00f1o del centenario del nacimiento de Ram\u00f3n Ayala.<\/p>\n\n\n\n<figure class=\"wp-block-image size-large\"><img loading=\"lazy\" decoding=\"async\" width=\"1024\" height=\"683\" src=\"https:\/\/actualizateiguazu.com\/v3\/wp-content\/uploads\/2026\/03\/Camino-del-Gualambao-en-Iguazu-28-Mediano-1024x683.jpg\" alt=\"\" class=\"wp-image-61966\" srcset=\"https:\/\/actualizateiguazu.com\/v3\/wp-content\/uploads\/2026\/03\/Camino-del-Gualambao-en-Iguazu-28-Mediano-1024x683.jpg 1024w, https:\/\/actualizateiguazu.com\/v3\/wp-content\/uploads\/2026\/03\/Camino-del-Gualambao-en-Iguazu-28-Mediano-300x200.jpg 300w, https:\/\/actualizateiguazu.com\/v3\/wp-content\/uploads\/2026\/03\/Camino-del-Gualambao-en-Iguazu-28-Mediano-768x512.jpg 768w, https:\/\/actualizateiguazu.com\/v3\/wp-content\/uploads\/2026\/03\/Camino-del-Gualambao-en-Iguazu-28-Mediano.jpg 1151w\" sizes=\"auto, (max-width: 1024px) 100vw, 1024px\" \/><\/figure>\n\n\n\n<p>La Escuela Normal Superior N\u00b0 8 de Puerto Iguaz\u00fa fue la que abri\u00f3 los festejos, los alumnos presentes disfrutaron de una proyecci\u00f3n audiovisual, donde Ramon Ayala relat\u00f3 las maravillas de la selva misionera, musa inspiradora de su eterno gualambao.<\/p>\n\n\n\n<p>Acto seguido Roberto Caminos, en voz y guitarra, junto a Nicol\u00e1s Encina en acorde\u00f3n, guiaron a un multitudinario coro de m\u00e1s de 400 estudiantes en el \u201cCanto al R\u00edo Uruguay\u201d. despues C\u00e9sar \u201cCacho\u201d Bernal, doctor honoris causa, tom\u00f3 la percusi\u00f3n para evocar la incontable cantidad de escenarios compartidos con el Mens\u00fa. Se sum\u00f3 la danza de M\u00f3nica Revinski. Tambi\u00e9n se dejaron c\u00f3digos QR, a trav\u00e9s de los cuales se puede acceder a la m\u00fasica y la poes\u00eda de Ram\u00f3n.<\/p>\n\n\n\n<figure class=\"wp-block-image size-large\"><img loading=\"lazy\" decoding=\"async\" width=\"1024\" height=\"683\" src=\"https:\/\/actualizateiguazu.com\/v3\/wp-content\/uploads\/2026\/03\/Camino-del-Gualambao-en-Iguazu-26-Mediano-1024x683.jpg\" alt=\"\" class=\"wp-image-61967\" srcset=\"https:\/\/actualizateiguazu.com\/v3\/wp-content\/uploads\/2026\/03\/Camino-del-Gualambao-en-Iguazu-26-Mediano-1024x683.jpg 1024w, https:\/\/actualizateiguazu.com\/v3\/wp-content\/uploads\/2026\/03\/Camino-del-Gualambao-en-Iguazu-26-Mediano-300x200.jpg 300w, https:\/\/actualizateiguazu.com\/v3\/wp-content\/uploads\/2026\/03\/Camino-del-Gualambao-en-Iguazu-26-Mediano-768x512.jpg 768w, https:\/\/actualizateiguazu.com\/v3\/wp-content\/uploads\/2026\/03\/Camino-del-Gualambao-en-Iguazu-26-Mediano.jpg 1151w\" sizes=\"auto, (max-width: 1024px) 100vw, 1024px\" \/><\/figure>\n\n\n\n<p>Por la tarde las actividades se dieron inicio pasadas las 18 horas en el anfiteatro \u00abRam\u00f3n Ayala\u00bb, se descubri\u00f3 una placa en homenaje al Mens\u00fa, se deposit\u00f3 una ofrenda floral y tambi\u00e9n se plant\u00f3 un lapacho. En ese espacio al aire libre, la delegaci\u00f3n art\u00edstica de Cultura volvi\u00f3 a ponerse en movimiento, con la m\u00fasica y la danza, y la presencia de las autoridades y Mar\u00eda Teresa.<\/p>\n\n\n\n<p>En ese marco, la directora de Patrimonio de la Municipalidad de Iguaz\u00fa, Mar\u00eda Esther Rol\u00f3n, hizo entrega a Joselo Schuap de la designaci\u00f3n -con fuerza de ordenanza- que otorga el nombre de Ram\u00f3n Ayala al anfiteatro del Hito Tres Fronteras. La placa descubierta en Iguaz\u00fa forma parte de una serie de homenajes que se vienen instalando en distintos puntos cardinales de la provincia.<\/p>\n\n\n\n<figure class=\"wp-block-image size-large\"><img loading=\"lazy\" decoding=\"async\" width=\"1024\" height=\"683\" src=\"https:\/\/actualizateiguazu.com\/v3\/wp-content\/uploads\/2026\/03\/Camino-del-Gualambao-en-Iguazu-22-Mediano-1024x683.jpg\" alt=\"\" class=\"wp-image-61965\" srcset=\"https:\/\/actualizateiguazu.com\/v3\/wp-content\/uploads\/2026\/03\/Camino-del-Gualambao-en-Iguazu-22-Mediano-1024x683.jpg 1024w, https:\/\/actualizateiguazu.com\/v3\/wp-content\/uploads\/2026\/03\/Camino-del-Gualambao-en-Iguazu-22-Mediano-300x200.jpg 300w, https:\/\/actualizateiguazu.com\/v3\/wp-content\/uploads\/2026\/03\/Camino-del-Gualambao-en-Iguazu-22-Mediano-768x512.jpg 768w, https:\/\/actualizateiguazu.com\/v3\/wp-content\/uploads\/2026\/03\/Camino-del-Gualambao-en-Iguazu-22-Mediano.jpg 1151w\" sizes=\"auto, (max-width: 1024px) 100vw, 1024px\" \/><\/figure>\n\n\n\n<p>el homenaje culmin\u00f3 en \u201cLa Caba\u00f1a de los Mu\u00f1ecos\u201d, donde la conmemoraci\u00f3n tom\u00f3 forma de pe\u00f1a. En el patio de este espacio dedicado a las artes, \u201cKossa Nostra\u201d inaugur\u00f3 el escenario con sus tradicionales mu\u00f1ecos, recuperando an\u00e9cdotas del Mens\u00fa. Luego llegaron las interpretaciones de Juani Shmedtje, Miguel Alfonzo y nuevamente Cacho Bernal. La bailarina Revinski tambi\u00e9n fue parte de la velada de sentida celebraci\u00f3n, a la que la gente de la comunidad pudo sumarse libremente.<\/p>\n\n\n\n<figure class=\"wp-block-image size-large\"><img loading=\"lazy\" decoding=\"async\" width=\"1024\" height=\"684\" src=\"https:\/\/actualizateiguazu.com\/v3\/wp-content\/uploads\/2026\/03\/Camino-del-Gualambao-en-Iguazu-24-1024x684.jpg\" alt=\"\" class=\"wp-image-61963\" srcset=\"https:\/\/actualizateiguazu.com\/v3\/wp-content\/uploads\/2026\/03\/Camino-del-Gualambao-en-Iguazu-24-1024x684.jpg 1024w, https:\/\/actualizateiguazu.com\/v3\/wp-content\/uploads\/2026\/03\/Camino-del-Gualambao-en-Iguazu-24-300x200.jpg 300w, https:\/\/actualizateiguazu.com\/v3\/wp-content\/uploads\/2026\/03\/Camino-del-Gualambao-en-Iguazu-24-768x513.jpg 768w, https:\/\/actualizateiguazu.com\/v3\/wp-content\/uploads\/2026\/03\/Camino-del-Gualambao-en-Iguazu-24-1536x1025.jpg 1536w, https:\/\/actualizateiguazu.com\/v3\/wp-content\/uploads\/2026\/03\/Camino-del-Gualambao-en-Iguazu-24-2048x1367.jpg 2048w\" sizes=\"auto, (max-width: 1024px) 100vw, 1024px\" \/><\/figure>\n\n\n\n<p>M\u00e1s tarde se sum\u00f3 el grupo \u201cHerencia Gaucha\u201d, mientras la noche avanzaba entre m\u00fasica, danza y encuentro. En medio de ese clima, la artista plastica iguazuense Marisol Gorgues fue construyendo en vivo el retrato de Ram\u00f3n, sumando la pintura al tejido art\u00edstico de la jornada.<\/p>\n","protected":false},"excerpt":{"rendered":"<p>El homenaje incluyo un concierto did\u00e1ctico, una ofrenda floral y una pe\u00f1a folcl\u00f3rica en el<\/p>\n","protected":false},"author":1,"featured_media":61964,"comment_status":"closed","ping_status":"open","sticky":false,"template":"","format":"standard","meta":{"footnotes":""},"categories":[1,222,226],"tags":[],"class_list":["post-61962","post","type-post","status-publish","format-standard","has-post-thumbnail","hentry","category-actualidad","category-cultura","category-locales"],"_links":{"self":[{"href":"https:\/\/actualizateiguazu.com\/v3\/wp-json\/wp\/v2\/posts\/61962","targetHints":{"allow":["GET"]}}],"collection":[{"href":"https:\/\/actualizateiguazu.com\/v3\/wp-json\/wp\/v2\/posts"}],"about":[{"href":"https:\/\/actualizateiguazu.com\/v3\/wp-json\/wp\/v2\/types\/post"}],"author":[{"embeddable":true,"href":"https:\/\/actualizateiguazu.com\/v3\/wp-json\/wp\/v2\/users\/1"}],"replies":[{"embeddable":true,"href":"https:\/\/actualizateiguazu.com\/v3\/wp-json\/wp\/v2\/comments?post=61962"}],"version-history":[{"count":2,"href":"https:\/\/actualizateiguazu.com\/v3\/wp-json\/wp\/v2\/posts\/61962\/revisions"}],"predecessor-version":[{"id":61970,"href":"https:\/\/actualizateiguazu.com\/v3\/wp-json\/wp\/v2\/posts\/61962\/revisions\/61970"}],"wp:featuredmedia":[{"embeddable":true,"href":"https:\/\/actualizateiguazu.com\/v3\/wp-json\/wp\/v2\/media\/61964"}],"wp:attachment":[{"href":"https:\/\/actualizateiguazu.com\/v3\/wp-json\/wp\/v2\/media?parent=61962"}],"wp:term":[{"taxonomy":"category","embeddable":true,"href":"https:\/\/actualizateiguazu.com\/v3\/wp-json\/wp\/v2\/categories?post=61962"},{"taxonomy":"post_tag","embeddable":true,"href":"https:\/\/actualizateiguazu.com\/v3\/wp-json\/wp\/v2\/tags?post=61962"}],"curies":[{"name":"wp","href":"https:\/\/api.w.org\/{rel}","templated":true}]}}