{"id":62527,"date":"2026-04-24T22:17:13","date_gmt":"2026-04-25T01:17:13","guid":{"rendered":"https:\/\/actualizateiguazu.com\/v3\/?p=62527"},"modified":"2026-04-24T22:19:10","modified_gmt":"2026-04-25T01:19:10","slug":"replica-de-uno-de-los-cuadros-mas-famosos-de-van-gogh-fomenta-la-reutilizacion-de-materiales","status":"publish","type":"post","link":"https:\/\/actualizateiguazu.com\/v3\/2026\/04\/24\/replica-de-uno-de-los-cuadros-mas-famosos-de-van-gogh-fomenta-la-reutilizacion-de-materiales\/","title":{"rendered":"R\u00e9plica de uno de los cuadros m\u00e1s famosos de Van Gogh fomenta la reutilizaci\u00f3n de materiales"},"content":{"rendered":"\n<p class=\"has-text-align-center\"><strong><em>La obra \u201cNoche estrellada\u201d fue replicada por los alumnos de Instituto Tecnol\u00f3gico Iguaz\u00fa el a\u00f1o pasado y hoy fue entregada al municipio para exhibici\u00f3n.<\/em><\/strong><\/p>\n\n\n\n<p>La obra de arte en 3D confeccionada con cart\u00f3n, bolsas pl\u00e1sticas, papel, cajas de remedios fue parte la expoarte 2026 del Instituto Tecnol\u00f3gico Iguaz\u00fa por los alumnos que cursaban el a\u00f1o pasado 2\u00aa. En total fueron 28 j\u00f3venes que trabajaron durante dos meses en el aula para completar el trabajo que fue distinguido en dicha exposici\u00f3n. Este viernes la obra fue entregada a la Direcci\u00f3n de Cultura de la Municipalidad de Puerto Iguaz\u00fa, quienes se encargar\u00e1n de enmarcarlo y exhibirlo a toda la comunidad pr\u00f3ximamente.<\/p>\n\n\n\n<p>El grupo de alumnos fue guiado por la profesora de arte Katering Batista quien comenz\u00f3 a dictar clases el a\u00f1o pasado como suplente. Los alumnos muy entusiasmados con la tem\u00e1tica realizaron una replica de uno de los cuadros m\u00e1s destacados de Vincent Van Gogh. \u201cEl cuadro mide 2.38m x 1.50m. Hicimos con material que ten\u00edamos en casa, cart\u00f3n, cajas de remedios, bolsas y dem\u00e1s elementos. Nos llevo al menos dos meses, la mayor parte se realizo directamente en clase por que es grande para trasladarlo\u201d explicaron las alumnas.<\/p>\n\n\n\n<figure class=\"wp-block-image size-large\"><img loading=\"lazy\" decoding=\"async\" width=\"1024\" height=\"771\" src=\"https:\/\/actualizateiguazu.com\/v3\/wp-content\/uploads\/2026\/04\/IMG_20260424_081234-1024x771.jpg\" alt=\"\" class=\"wp-image-62529\" srcset=\"https:\/\/actualizateiguazu.com\/v3\/wp-content\/uploads\/2026\/04\/IMG_20260424_081234-1024x771.jpg 1024w, https:\/\/actualizateiguazu.com\/v3\/wp-content\/uploads\/2026\/04\/IMG_20260424_081234-300x226.jpg 300w, https:\/\/actualizateiguazu.com\/v3\/wp-content\/uploads\/2026\/04\/IMG_20260424_081234-768x578.jpg 768w, https:\/\/actualizateiguazu.com\/v3\/wp-content\/uploads\/2026\/04\/IMG_20260424_081234-1536x1157.jpg 1536w, https:\/\/actualizateiguazu.com\/v3\/wp-content\/uploads\/2026\/04\/IMG_20260424_081234-2048x1542.jpg 2048w\" sizes=\"auto, (max-width: 1024px) 100vw, 1024px\" \/><\/figure>\n\n\n\n<p>Por su parte el director de Cultura Jorge Flores, recibi\u00f3 con alegr\u00eda el cuadro e indico que antes de colgarlo preparar\u00e1n una estructura o marco para no da\u00f1arlo y explico que lo ideal seria que fuera exhibido en uno de los museos locales, aunque por el momento estar\u00e1 en la direcci\u00f3n de cultura.<\/p>\n\n\n\n<p>\u201cTenemos una deuda pendiente con los artistas pl\u00e1sticos de la ciudad, son aproximadamente 50 y actualmente no contamos con un espacio para que puedan exhibir sus cuadros. Pero estamos planificando una galer\u00eda, sin embargo, mientras tanto podr\u00edamos ponerlo en algunos de los museos de la ciudad\u201d remarco Flores.<\/p>\n\n\n\n<p><strong>La obra:<\/strong><\/p>\n\n\n\n<figure class=\"wp-block-image size-large\"><img loading=\"lazy\" decoding=\"async\" width=\"1024\" height=\"771\" src=\"https:\/\/actualizateiguazu.com\/v3\/wp-content\/uploads\/2026\/04\/IMG_20260424_081841_PORTRAIT-1024x771.jpg\" alt=\"\" class=\"wp-image-62531\" srcset=\"https:\/\/actualizateiguazu.com\/v3\/wp-content\/uploads\/2026\/04\/IMG_20260424_081841_PORTRAIT-1024x771.jpg 1024w, https:\/\/actualizateiguazu.com\/v3\/wp-content\/uploads\/2026\/04\/IMG_20260424_081841_PORTRAIT-300x226.jpg 300w, https:\/\/actualizateiguazu.com\/v3\/wp-content\/uploads\/2026\/04\/IMG_20260424_081841_PORTRAIT-768x578.jpg 768w, https:\/\/actualizateiguazu.com\/v3\/wp-content\/uploads\/2026\/04\/IMG_20260424_081841_PORTRAIT-1536x1157.jpg 1536w, https:\/\/actualizateiguazu.com\/v3\/wp-content\/uploads\/2026\/04\/IMG_20260424_081841_PORTRAIT-2048x1542.jpg 2048w\" sizes=\"auto, (max-width: 1024px) 100vw, 1024px\" \/><\/figure>\n\n\n\n<p>\u201cNoche estrellada\u201d es una de las im\u00e1genes m\u00e1s conocidas del arte moderno. Seg\u00fan la historia Van Gogh miraba por la ventana del sanatorio de Saint-R\u00e9my. Ya no ten\u00eda el l\u00f3bulo de su oreja y se sent\u00eda cada vez m\u00e1s acosado por las alucinaciones.<\/p>\n\n\n\n<p>Cuando miraba los cipreses del jard\u00edn, \u00e9stos parec\u00edan vibrar. Cuando miraba al cielo nocturno, las estrellas parec\u00edan estar vivas. Eso es lo que capt\u00f3 en este lienzo que es hoy uno de los m\u00e1s famosos de la historia del arte.<\/p>\n\n\n\n<p>El artista pintar\u00eda a lo largo de su carrera tanto cipreses como estrellas, ambos de marcado car\u00e1cter simb\u00f3lico, pero esta obra es quiz\u00e1s la que mejor comunica su particular estilo.<\/p>\n","protected":false},"excerpt":{"rendered":"<p>La obra \u201cNoche estrellada\u201d fue replicada por los alumnos de Instituto Tecnol\u00f3gico Iguaz\u00fa el a\u00f1o<\/p>\n","protected":false},"author":1,"featured_media":62530,"comment_status":"closed","ping_status":"open","sticky":false,"template":"","format":"standard","meta":{"footnotes":""},"categories":[1,222,226],"tags":[],"class_list":["post-62527","post","type-post","status-publish","format-standard","has-post-thumbnail","hentry","category-actualidad","category-cultura","category-locales"],"_links":{"self":[{"href":"https:\/\/actualizateiguazu.com\/v3\/wp-json\/wp\/v2\/posts\/62527","targetHints":{"allow":["GET"]}}],"collection":[{"href":"https:\/\/actualizateiguazu.com\/v3\/wp-json\/wp\/v2\/posts"}],"about":[{"href":"https:\/\/actualizateiguazu.com\/v3\/wp-json\/wp\/v2\/types\/post"}],"author":[{"embeddable":true,"href":"https:\/\/actualizateiguazu.com\/v3\/wp-json\/wp\/v2\/users\/1"}],"replies":[{"embeddable":true,"href":"https:\/\/actualizateiguazu.com\/v3\/wp-json\/wp\/v2\/comments?post=62527"}],"version-history":[{"count":2,"href":"https:\/\/actualizateiguazu.com\/v3\/wp-json\/wp\/v2\/posts\/62527\/revisions"}],"predecessor-version":[{"id":62533,"href":"https:\/\/actualizateiguazu.com\/v3\/wp-json\/wp\/v2\/posts\/62527\/revisions\/62533"}],"wp:featuredmedia":[{"embeddable":true,"href":"https:\/\/actualizateiguazu.com\/v3\/wp-json\/wp\/v2\/media\/62530"}],"wp:attachment":[{"href":"https:\/\/actualizateiguazu.com\/v3\/wp-json\/wp\/v2\/media?parent=62527"}],"wp:term":[{"taxonomy":"category","embeddable":true,"href":"https:\/\/actualizateiguazu.com\/v3\/wp-json\/wp\/v2\/categories?post=62527"},{"taxonomy":"post_tag","embeddable":true,"href":"https:\/\/actualizateiguazu.com\/v3\/wp-json\/wp\/v2\/tags?post=62527"}],"curies":[{"name":"wp","href":"https:\/\/api.w.org\/{rel}","templated":true}]}}