{"id":62544,"date":"2026-04-26T19:39:13","date_gmt":"2026-04-26T22:39:13","guid":{"rendered":"https:\/\/actualizateiguazu.com\/v3\/?p=62544"},"modified":"2026-04-26T19:45:37","modified_gmt":"2026-04-26T22:45:37","slug":"reunen-fondos-para-costear-el-entrenamiento-y-viajes-de-la-jugadora-de-voley-alma-rojas","status":"publish","type":"post","link":"https:\/\/actualizateiguazu.com\/v3\/2026\/04\/26\/reunen-fondos-para-costear-el-entrenamiento-y-viajes-de-la-jugadora-de-voley-alma-rojas\/","title":{"rendered":"\u200bRe\u00fanen fondos para costear el entrenamiento y viajes de la jugadora de v\u00f3ley Alma Rojas"},"content":{"rendered":"\n<p class=\"has-text-align-center\"><strong><em>Fue convocada por la selecci\u00f3n de V\u00f3ley Misionero, para costear los viajes para entrenar y para competir, su familia promueve un bono colaboraci\u00f3n.<\/em><\/strong><\/p>\n\n\n\n<p>El esfuerzo, la dedicaci\u00f3n y sobre todo el entrenamiento dio sus frutos, Alma Rojas joven iguazuense de 14 a\u00f1os, destacada jugadora del Cataratas V\u00f3ley, ha sido convocada para integrar la Selecci\u00f3n Misionera de V\u00f3ley por la Federaci\u00f3n de V\u00f3ley de Misiones. Se trata de un paso fundamental en su carrera deportiva sin embargo para poder avanzar debe invertir dinero para asistir a los entrenamientos en la localidad de Garup\u00e1, es por ello que para perseguir su sue\u00f1o la familia y amigos promueven un bono colaboraci\u00f3n con excelentes premios para costear los gastos de traslado y estad\u00eda.<\/p>\n\n\n\n<p>\u200bAlma Rojas comenz\u00f3 a jugar al v\u00f3ley a los 8 en el club Cataratas \u201cSol\u00eda acompa\u00f1ar a mi mam\u00e1, a quien le gustaba mucho este deporte, y as\u00ed fue como me empez\u00f3 a interesar\u201d comento y agreg\u00f3 \u201cEntren\u00f3 en el Cataratas desde siempre con distintos entrenadores, entre ellos David Da Silva, Maira Alegre y mi entrenador actual, Daniel Escobar, que es de Chaco. En mi primer torneo debut\u00e9 a los 9 a\u00f1os en la Copa de Alem, donde logramos el tercer puesto de la Copa de Oro en la categor\u00eda Sub-16 jugando como l\u00edbero\u201d<\/p>\n\n\n\n<figure class=\"wp-block-image size-large\"><img loading=\"lazy\" decoding=\"async\" width=\"768\" height=\"1024\" src=\"https:\/\/actualizateiguazu.com\/v3\/wp-content\/uploads\/2026\/04\/WhatsApp-Image-2026-04-25-at-10.45.06-1-768x1024.jpeg\" alt=\"\" class=\"wp-image-62546\" srcset=\"https:\/\/actualizateiguazu.com\/v3\/wp-content\/uploads\/2026\/04\/WhatsApp-Image-2026-04-25-at-10.45.06-1-768x1024.jpeg 768w, https:\/\/actualizateiguazu.com\/v3\/wp-content\/uploads\/2026\/04\/WhatsApp-Image-2026-04-25-at-10.45.06-1-225x300.jpeg 225w, https:\/\/actualizateiguazu.com\/v3\/wp-content\/uploads\/2026\/04\/WhatsApp-Image-2026-04-25-at-10.45.06-1-1152x1536.jpeg 1152w, https:\/\/actualizateiguazu.com\/v3\/wp-content\/uploads\/2026\/04\/WhatsApp-Image-2026-04-25-at-10.45.06-1-450x600.jpeg 450w, https:\/\/actualizateiguazu.com\/v3\/wp-content\/uploads\/2026\/04\/WhatsApp-Image-2026-04-25-at-10.45.06-1.jpeg 1200w\" sizes=\"auto, (max-width: 768px) 100vw, 768px\" \/><\/figure>\n\n\n\n<p>La pasi\u00f3n por el deporte hizo que la joven continue trabajando en las t\u00e9cnicas, entrenando para perfeccionarse y destacarse en el deporte, tal es as\u00ed que el a\u00f1o pasado fue convocada entrenar con la Selecci\u00f3n Argentina U15 y represent\u00f3 a Misiones en el torneo Sub-14 que se realiz\u00f3 en Bariloche, la delegaci\u00f3n volvi\u00f3 con el 9\u00ba puesto.<\/p>\n\n\n\n<p>Su desempe\u00f1o la llev\u00f3 a mantenerse en el radar de los entrenadores de la selecci\u00f3n Misionera \u201cEste a\u00f1o fui elegida nuevamente para la Selecci\u00f3n Misionera, pero esta vez en la categor\u00eda Sub-16 para competir en la provincia de Chubut\u201d. La situaci\u00f3n econ\u00f3mica obliga a realizar una serie de actividades para reunir dinero y apoyar el sue\u00f1o de la joven<\/p>\n\n\n\n<p>Actualmente, su familia y allegados promueven una rifa solidaria para recaudar los fondos necesarios y asegurar que el factor econ\u00f3mico no sea un impedimento para que la representante local vista los colores de la provincia. El bono colaboraci\u00f3n tiene como primer premio una motocicleta 110cc, el segundo premio es un Televisor 42\u201d y otros 8 premios en su mayor\u00eda electrodom\u00e9sticos. Para colaborar comunicarse al 3757- 403069<\/p>\n\n\n\n<p>\u200b<\/p>\n","protected":false},"excerpt":{"rendered":"<p>Fue convocada por la selecci\u00f3n de V\u00f3ley Misionero, para costear los viajes para entrenar y<\/p>\n","protected":false},"author":1,"featured_media":62548,"comment_status":"closed","ping_status":"open","sticky":false,"template":"","format":"standard","meta":{"footnotes":""},"categories":[1],"tags":[],"class_list":["post-62544","post","type-post","status-publish","format-standard","has-post-thumbnail","hentry","category-actualidad"],"_links":{"self":[{"href":"https:\/\/actualizateiguazu.com\/v3\/wp-json\/wp\/v2\/posts\/62544","targetHints":{"allow":["GET"]}}],"collection":[{"href":"https:\/\/actualizateiguazu.com\/v3\/wp-json\/wp\/v2\/posts"}],"about":[{"href":"https:\/\/actualizateiguazu.com\/v3\/wp-json\/wp\/v2\/types\/post"}],"author":[{"embeddable":true,"href":"https:\/\/actualizateiguazu.com\/v3\/wp-json\/wp\/v2\/users\/1"}],"replies":[{"embeddable":true,"href":"https:\/\/actualizateiguazu.com\/v3\/wp-json\/wp\/v2\/comments?post=62544"}],"version-history":[{"count":2,"href":"https:\/\/actualizateiguazu.com\/v3\/wp-json\/wp\/v2\/posts\/62544\/revisions"}],"predecessor-version":[{"id":62549,"href":"https:\/\/actualizateiguazu.com\/v3\/wp-json\/wp\/v2\/posts\/62544\/revisions\/62549"}],"wp:featuredmedia":[{"embeddable":true,"href":"https:\/\/actualizateiguazu.com\/v3\/wp-json\/wp\/v2\/media\/62548"}],"wp:attachment":[{"href":"https:\/\/actualizateiguazu.com\/v3\/wp-json\/wp\/v2\/media?parent=62544"}],"wp:term":[{"taxonomy":"category","embeddable":true,"href":"https:\/\/actualizateiguazu.com\/v3\/wp-json\/wp\/v2\/categories?post=62544"},{"taxonomy":"post_tag","embeddable":true,"href":"https:\/\/actualizateiguazu.com\/v3\/wp-json\/wp\/v2\/tags?post=62544"}],"curies":[{"name":"wp","href":"https:\/\/api.w.org\/{rel}","templated":true}]}}