{"id":62554,"date":"2026-04-26T20:31:35","date_gmt":"2026-04-26T23:31:35","guid":{"rendered":"https:\/\/actualizateiguazu.com\/v3\/?p=62554"},"modified":"2026-04-26T20:31:35","modified_gmt":"2026-04-26T23:31:35","slug":"comandante-andresito-discutieron-lo-apunalo-y-termino-detenido-por-la-policia","status":"publish","type":"post","link":"https:\/\/actualizateiguazu.com\/v3\/2026\/04\/26\/comandante-andresito-discutieron-lo-apunalo-y-termino-detenido-por-la-policia\/","title":{"rendered":"Comandante Andresito: Discutieron, lo apu\u00f1al\u00f3 y termin\u00f3 detenido por la Polic\u00eda"},"content":{"rendered":"\n<p class=\"has-text-align-center\"><strong><em>Un hombre de 46 a\u00f1os result\u00f3 herido tras ser atacado con un arma blanca durante una discusi\u00f3n en el Paraje El Puerto de Comandante Andresito. La r\u00e1pida intervenci\u00f3n policial permiti\u00f3 asistir a la v\u00edctima y detener al presunto agresor a pocos minutos del hecho.<\/em><\/strong><\/p>\n\n\n\n<p>El episodio ocurri\u00f3 este domingo alrededor de las 16:00, cuando efectivos de la Unidad Regional V acudieron al lugar tras un aviso de la Prefectura Naval que alertaba sobre una pelea entre dos personas.<\/p>\n\n\n\n<p>Al llegar, junto a Bomberos Voluntarios, los uniformados encontraron a la v\u00edctima, Mario Alberto R. (46), tendida en el suelo con una herida de arma blanca. De inmediato, fue asistido, inmovilizado y trasladado al hospital local para su atenci\u00f3n.<\/p>\n\n\n\n<p>En paralelo, se despleg\u00f3 un r\u00e1pido operativo de rastrillaje en la zona. Con los datos recabados en el lugar, los efectivos lograron ubicar al agresor cuando caminaba por las inmediaciones, a\u00fan con el cuchillo en la mano.<\/p>\n\n\n\n<p>Al notar la presencia policial intent\u00f3 alejarse, pero fue r\u00e1pidamente interceptado y reducido por los uniformados, quienes lograron desarmarlo sin que se registraran nuevos incidentes. All\u00ed fue identificado como Jorge P. (42).<\/p>\n\n\n\n<p>Durante el procedimiento, los polic\u00edas secuestraron el arma blanca presuntamente utilizada en el ataque y preservaron la escena para las pericias correspondientes. El detenido fue trasladado y alojado en sede policial donde qued\u00f3 a disposici\u00f3n de la Justicia.<\/p>\n","protected":false},"excerpt":{"rendered":"<p>Un hombre de 46 a\u00f1os result\u00f3 herido tras ser atacado con un arma blanca durante<\/p>\n","protected":false},"author":1,"featured_media":62555,"comment_status":"closed","ping_status":"open","sticky":false,"template":"","format":"standard","meta":{"footnotes":""},"categories":[1,228],"tags":[],"class_list":["post-62554","post","type-post","status-publish","format-standard","has-post-thumbnail","hentry","category-actualidad","category-policiales"],"_links":{"self":[{"href":"https:\/\/actualizateiguazu.com\/v3\/wp-json\/wp\/v2\/posts\/62554","targetHints":{"allow":["GET"]}}],"collection":[{"href":"https:\/\/actualizateiguazu.com\/v3\/wp-json\/wp\/v2\/posts"}],"about":[{"href":"https:\/\/actualizateiguazu.com\/v3\/wp-json\/wp\/v2\/types\/post"}],"author":[{"embeddable":true,"href":"https:\/\/actualizateiguazu.com\/v3\/wp-json\/wp\/v2\/users\/1"}],"replies":[{"embeddable":true,"href":"https:\/\/actualizateiguazu.com\/v3\/wp-json\/wp\/v2\/comments?post=62554"}],"version-history":[{"count":1,"href":"https:\/\/actualizateiguazu.com\/v3\/wp-json\/wp\/v2\/posts\/62554\/revisions"}],"predecessor-version":[{"id":62556,"href":"https:\/\/actualizateiguazu.com\/v3\/wp-json\/wp\/v2\/posts\/62554\/revisions\/62556"}],"wp:featuredmedia":[{"embeddable":true,"href":"https:\/\/actualizateiguazu.com\/v3\/wp-json\/wp\/v2\/media\/62555"}],"wp:attachment":[{"href":"https:\/\/actualizateiguazu.com\/v3\/wp-json\/wp\/v2\/media?parent=62554"}],"wp:term":[{"taxonomy":"category","embeddable":true,"href":"https:\/\/actualizateiguazu.com\/v3\/wp-json\/wp\/v2\/categories?post=62554"},{"taxonomy":"post_tag","embeddable":true,"href":"https:\/\/actualizateiguazu.com\/v3\/wp-json\/wp\/v2\/tags?post=62554"}],"curies":[{"name":"wp","href":"https:\/\/api.w.org\/{rel}","templated":true}]}}