{"id":62557,"date":"2026-04-27T10:11:09","date_gmt":"2026-04-27T13:11:09","guid":{"rendered":"https:\/\/actualizateiguazu.com\/v3\/?p=62557"},"modified":"2026-04-27T10:12:31","modified_gmt":"2026-04-27T13:12:31","slug":"pronostican-inestabilidad-e-inundaciones-entre-mayo-y-noviembre-en-misiones","status":"publish","type":"post","link":"https:\/\/actualizateiguazu.com\/v3\/2026\/04\/27\/pronostican-inestabilidad-e-inundaciones-entre-mayo-y-noviembre-en-misiones\/","title":{"rendered":"Pronostican inestabilidad e inundaciones entre mayo y noviembre en Misiones"},"content":{"rendered":"\n<p class=\"has-text-align-center\"><strong><em>La Direcci\u00f3n de alerta Temprana analizo el impacto del \u201cEl Ni\u00f1o\u201d en Misiones durante los pr\u00f3ximos meses y adelant\u00f3 un escenario inestable con crecidas similares a las registradas en el 2014.<\/em><\/strong><\/p>\n\n\n\n<p>La Direcci\u00f3n de Alerta Temprana del Ministerio de Ecolog\u00eda y Recursos Naturales Renovables de Misiones elabor\u00f3 un informe especial sobre la perspectiva meteorol\u00f3gica asociada al fen\u00f3meno \u201cEl Ni\u00f1o\u201d para el per\u00edodo comprendido entre mayo y noviembre de 2026, en el que se anticipa un escenario de alta inestabilidad clim\u00e1tica y eventos hidrol\u00f3gicos de gran impacto en la provincia.<\/p>\n\n\n\n<p>De acuerdo al an\u00e1lisis t\u00e9cnico basado en el monitoreo global de la temperatura superficial del mar, se confirma una transici\u00f3n acelerada hacia condiciones de \u201cEl Ni\u00f1o\u201d, con anomal\u00edas t\u00e9rmicas importantes en el Pac\u00edfico ecuatorial y frente a las costas de Per\u00fa y Ecuador. Este calentamiento, comenzar\u00e1 a influir en la atm\u00f3sfera regional a partir de mayo, favoreciendo un flujo constante de humedad hacia el noreste argentino.<\/p>\n\n\n\n<figure class=\"wp-block-image size-large\"><img loading=\"lazy\" decoding=\"async\" width=\"1024\" height=\"768\" src=\"https:\/\/actualizateiguazu.com\/v3\/wp-content\/uploads\/2026\/04\/IMG_20220411_191157533-1024x768.jpg\" alt=\"\" class=\"wp-image-62558\" srcset=\"https:\/\/actualizateiguazu.com\/v3\/wp-content\/uploads\/2026\/04\/IMG_20220411_191157533-1024x768.jpg 1024w, https:\/\/actualizateiguazu.com\/v3\/wp-content\/uploads\/2026\/04\/IMG_20220411_191157533-300x225.jpg 300w, https:\/\/actualizateiguazu.com\/v3\/wp-content\/uploads\/2026\/04\/IMG_20220411_191157533-768x576.jpg 768w, https:\/\/actualizateiguazu.com\/v3\/wp-content\/uploads\/2026\/04\/IMG_20220411_191157533-1536x1152.jpg 1536w, https:\/\/actualizateiguazu.com\/v3\/wp-content\/uploads\/2026\/04\/IMG_20220411_191157533-2048x1536.jpg 2048w, https:\/\/actualizateiguazu.com\/v3\/wp-content\/uploads\/2026\/04\/IMG_20220411_191157533-720x540.jpg 720w\" sizes=\"auto, (max-width: 1024px) 100vw, 1024px\" \/><\/figure>\n\n\n\n<p>En este contexto, se prev\u00e9 un aumento progresivo en la frecuencia e intensidad de las precipitaciones, con picos cr\u00edticos durante los meses de agosto, septiembre y noviembre, cuando los acumulados podr\u00edan superar los 300 mil\u00edmetros mensuales. Las lluvias se presentar\u00edan principalmente en forma de tormentas intensas, de corta duraci\u00f3n, con actividad el\u00e9ctrica, r\u00e1fagas fuertes y probabilidad de ca\u00edda de granizo.<\/p>\n\n\n\n<p>El informe tambi\u00e9n advierte sobre un elevado riesgo hidrol\u00f3gico, especialmente en cuencas sensibles como la del r\u00edo Uruguay, donde podr\u00edan registrarse crecidas de magnitud comparable a las ocurridas en 2014. Asimismo, se espera que los arroyos y cauces menores presenten desbordes recurrentes debido a la saturaci\u00f3n de los suelos, afectando caminos rurales, infraestructura y la transitabilidad en distintas zonas de la provincia.<\/p>\n\n\n\n<p>A estas condiciones se suma la posibilidad de ocurrencia de fen\u00f3menos atmosf\u00e9ricos severos, como vientos intensos e incluso tornados de baja categor\u00eda, producto de un ambiente m\u00e1s c\u00e1lido y h\u00famedo de lo habitual. Si bien el invierno se proyecta con temperaturas superiores al promedio, los breves per\u00edodos de estabilidad podr\u00edan generar ascensos t\u00e9rmicos bruscos que deriven en tormentas m\u00e1s violentas.<\/p>\n\n\n\n<p>Ante este panorama, la provincia ingresa en una fase de extrema vigilancia meteorol\u00f3gica. Desde la Direcci\u00f3n de Alerta Temprana se recomienda a municipios y productores agropecuarios fortalecer las acciones preventivas, incluyendo la revisi\u00f3n de planes de contingencia, limpieza de cauces y protecci\u00f3n de infraestructura cr\u00edtica.<\/p>\n","protected":false},"excerpt":{"rendered":"<p>La Direcci\u00f3n de alerta Temprana analizo el impacto del \u201cEl Ni\u00f1o\u201d en Misiones durante los<\/p>\n","protected":false},"author":1,"featured_media":62559,"comment_status":"closed","ping_status":"open","sticky":false,"template":"","format":"standard","meta":{"footnotes":""},"categories":[1,229],"tags":[],"class_list":["post-62557","post","type-post","status-publish","format-standard","has-post-thumbnail","hentry","category-actualidad","category-provinciales"],"_links":{"self":[{"href":"https:\/\/actualizateiguazu.com\/v3\/wp-json\/wp\/v2\/posts\/62557","targetHints":{"allow":["GET"]}}],"collection":[{"href":"https:\/\/actualizateiguazu.com\/v3\/wp-json\/wp\/v2\/posts"}],"about":[{"href":"https:\/\/actualizateiguazu.com\/v3\/wp-json\/wp\/v2\/types\/post"}],"author":[{"embeddable":true,"href":"https:\/\/actualizateiguazu.com\/v3\/wp-json\/wp\/v2\/users\/1"}],"replies":[{"embeddable":true,"href":"https:\/\/actualizateiguazu.com\/v3\/wp-json\/wp\/v2\/comments?post=62557"}],"version-history":[{"count":1,"href":"https:\/\/actualizateiguazu.com\/v3\/wp-json\/wp\/v2\/posts\/62557\/revisions"}],"predecessor-version":[{"id":62560,"href":"https:\/\/actualizateiguazu.com\/v3\/wp-json\/wp\/v2\/posts\/62557\/revisions\/62560"}],"wp:featuredmedia":[{"embeddable":true,"href":"https:\/\/actualizateiguazu.com\/v3\/wp-json\/wp\/v2\/media\/62559"}],"wp:attachment":[{"href":"https:\/\/actualizateiguazu.com\/v3\/wp-json\/wp\/v2\/media?parent=62557"}],"wp:term":[{"taxonomy":"category","embeddable":true,"href":"https:\/\/actualizateiguazu.com\/v3\/wp-json\/wp\/v2\/categories?post=62557"},{"taxonomy":"post_tag","embeddable":true,"href":"https:\/\/actualizateiguazu.com\/v3\/wp-json\/wp\/v2\/tags?post=62557"}],"curies":[{"name":"wp","href":"https:\/\/api.w.org\/{rel}","templated":true}]}}