{"id":62619,"date":"2026-05-01T14:00:58","date_gmt":"2026-05-01T17:00:58","guid":{"rendered":"https:\/\/actualizateiguazu.com\/v3\/?p=62619"},"modified":"2026-05-01T14:00:59","modified_gmt":"2026-05-01T17:00:59","slug":"aduana-paralela-suspenden-por-12-meses-el-pago-anticipado-a-las-pymes","status":"publish","type":"post","link":"https:\/\/actualizateiguazu.com\/v3\/2026\/05\/01\/aduana-paralela-suspenden-por-12-meses-el-pago-anticipado-a-las-pymes\/","title":{"rendered":"Aduana Paralela: Suspenden por 12 meses el pago anticipado a las Pymes"},"content":{"rendered":"\n<p class=\"has-text-align-center\"><strong><em>La medida estar\u00e1 vigente desde el 1 de julio y por un t\u00e9rmino de 12 meses en primera instancia. Incluye a las pymes que en el a\u00f1o 2025 hubieran dado hasta $10 millones anuales de pago a cuenta.<\/em><\/strong><\/p>\n\n\n\n<p>En el marco de la apertura del per\u00edodo de Sesiones Ordinarias Legislativas 2026 en la C\u00e1mara de Representantes de Misiones, el gobernador Hugo Passalacqua, anunci\u00f3 la suspensi\u00f3n del pago a cuenta en el \u201cControl Fiscal en Ruta\u201d. La medida estar\u00e1 vigente desde el 1 de julio y por un t\u00e9rmino de 12 meses en primera instancia.<\/p>\n\n\n\n<p>Seg\u00fan informo la exclusi\u00f3n que ser\u00e1 de oficio y sin necesidad de realizar tr\u00e1mite alguno, incluye a las pymes que en el a\u00f1o 2025 hubieran dado hasta $10 millones anuales de pago a cuenta y comprender\u00e1 a 16.500 peque\u00f1os y medianos contribuyentes sobre un total de 17.300 registrados. \u201cEl 95% del padr\u00f3n de contribuyentes queda excluido del pago. No habr\u00e1 m\u00e1s cobros de ning\u00fan tipo en los puestos de control, quedando los mismos \u00fanicamente para verificaci\u00f3n de documentaci\u00f3n\u201d, remarc\u00f3<\/p>\n\n\n\n<p>En tanto las 873 grandes empresas que quedan incluidas en el sistema de \u201cAduana Paralela\u201d realizar\u00e1n el pago a cuenta de forma global, digital, mensual y simplificada, lo que les significar\u00e1 un ahorro del gasto administrativo dijo el primer mandatario.<\/p>\n\n\n\n<p>Desde la oposici\u00f3n estiman que el Gobernador realizo el anuncio tratando de desalentar los proyectos de eliminaci\u00f3n de la aduana paralela. Asimismo podr\u00eda considerarse como una medida de campa\u00f1a a fin de aliviar el bolsillo del empresario y lograr retener votos en las pr\u00f3ximas elecciones.<\/p>\n","protected":false},"excerpt":{"rendered":"<p>La medida estar\u00e1 vigente desde el 1 de julio y por un t\u00e9rmino de 12<\/p>\n","protected":false},"author":1,"featured_media":62620,"comment_status":"closed","ping_status":"open","sticky":false,"template":"","format":"standard","meta":{"footnotes":""},"categories":[1,228],"tags":[],"class_list":["post-62619","post","type-post","status-publish","format-standard","has-post-thumbnail","hentry","category-actualidad","category-policiales"],"_links":{"self":[{"href":"https:\/\/actualizateiguazu.com\/v3\/wp-json\/wp\/v2\/posts\/62619","targetHints":{"allow":["GET"]}}],"collection":[{"href":"https:\/\/actualizateiguazu.com\/v3\/wp-json\/wp\/v2\/posts"}],"about":[{"href":"https:\/\/actualizateiguazu.com\/v3\/wp-json\/wp\/v2\/types\/post"}],"author":[{"embeddable":true,"href":"https:\/\/actualizateiguazu.com\/v3\/wp-json\/wp\/v2\/users\/1"}],"replies":[{"embeddable":true,"href":"https:\/\/actualizateiguazu.com\/v3\/wp-json\/wp\/v2\/comments?post=62619"}],"version-history":[{"count":1,"href":"https:\/\/actualizateiguazu.com\/v3\/wp-json\/wp\/v2\/posts\/62619\/revisions"}],"predecessor-version":[{"id":62621,"href":"https:\/\/actualizateiguazu.com\/v3\/wp-json\/wp\/v2\/posts\/62619\/revisions\/62621"}],"wp:featuredmedia":[{"embeddable":true,"href":"https:\/\/actualizateiguazu.com\/v3\/wp-json\/wp\/v2\/media\/62620"}],"wp:attachment":[{"href":"https:\/\/actualizateiguazu.com\/v3\/wp-json\/wp\/v2\/media?parent=62619"}],"wp:term":[{"taxonomy":"category","embeddable":true,"href":"https:\/\/actualizateiguazu.com\/v3\/wp-json\/wp\/v2\/categories?post=62619"},{"taxonomy":"post_tag","embeddable":true,"href":"https:\/\/actualizateiguazu.com\/v3\/wp-json\/wp\/v2\/tags?post=62619"}],"curies":[{"name":"wp","href":"https:\/\/api.w.org\/{rel}","templated":true}]}}