{"id":62626,"date":"2026-05-02T16:13:45","date_gmt":"2026-05-02T19:13:45","guid":{"rendered":"https:\/\/actualizateiguazu.com\/v3\/?p=62626"},"modified":"2026-05-02T16:13:46","modified_gmt":"2026-05-02T19:13:46","slug":"iguazu-incendiaron-vehiculos-secuestrados-depositados-en-la-seccional-primera","status":"publish","type":"post","link":"https:\/\/actualizateiguazu.com\/v3\/2026\/05\/02\/iguazu-incendiaron-vehiculos-secuestrados-depositados-en-la-seccional-primera\/","title":{"rendered":"Iguaz\u00fa: Incendiaron veh\u00edculos secuestrados depositados en la seccional Primera"},"content":{"rendered":"\n<p class=\"has-text-align-center\"><em><strong>Dos veh\u00edculos fueron consumidos en su totalidad, y un tercero registr\u00f3 importantes da\u00f1os. Investigan las causas del incendio.<\/strong><\/em><\/p>\n\n\n\n<p>El incendio vehicular se registro en el patio de la seccional primera de la Polic\u00eda perteneciente a la Unidad Regional V de Puerto Iguaz\u00fa, en el sector donde depositan los veh\u00edculos secuestrados. Dichos veh\u00edculos estaban en el lugar esperando que se realice la segunda etapa de compactaci\u00f3n de los mismos prevista en la planificaci\u00f3n de la instituci\u00f3n.<\/p>\n\n\n\n<figure class=\"wp-block-image size-large\"><img loading=\"lazy\" decoding=\"async\" width=\"768\" height=\"1024\" src=\"https:\/\/actualizateiguazu.com\/v3\/wp-content\/uploads\/2026\/05\/WhatsApp-Image-2026-05-02-at-11.08.53-768x1024.jpeg\" alt=\"\" class=\"wp-image-62629\" srcset=\"https:\/\/actualizateiguazu.com\/v3\/wp-content\/uploads\/2026\/05\/WhatsApp-Image-2026-05-02-at-11.08.53-768x1024.jpeg 768w, https:\/\/actualizateiguazu.com\/v3\/wp-content\/uploads\/2026\/05\/WhatsApp-Image-2026-05-02-at-11.08.53-225x300.jpeg 225w, https:\/\/actualizateiguazu.com\/v3\/wp-content\/uploads\/2026\/05\/WhatsApp-Image-2026-05-02-at-11.08.53-450x600.jpeg 450w, https:\/\/actualizateiguazu.com\/v3\/wp-content\/uploads\/2026\/05\/WhatsApp-Image-2026-05-02-at-11.08.53.jpeg 960w\" sizes=\"auto, (max-width: 768px) 100vw, 768px\" \/><\/figure>\n\n\n\n<p>Respecto al siniestro lo Bomberos Voluntarios de Puerto Iguaz\u00fa indicaron que fueron alertados del incendio a 06:28 horas, a trav\u00e9s de un llamado telef\u00f3nico. R\u00e1pidamente se desplazaron al lugar dos dotaciones.<\/p>\n\n\n\n<figure class=\"wp-block-image size-large\"><img loading=\"lazy\" decoding=\"async\" width=\"1024\" height=\"768\" src=\"https:\/\/actualizateiguazu.com\/v3\/wp-content\/uploads\/2026\/05\/WhatsApp-Image-2026-05-02-at-11.08.52-1024x768.jpeg\" alt=\"\" class=\"wp-image-62628\" srcset=\"https:\/\/actualizateiguazu.com\/v3\/wp-content\/uploads\/2026\/05\/WhatsApp-Image-2026-05-02-at-11.08.52-1024x768.jpeg 1024w, https:\/\/actualizateiguazu.com\/v3\/wp-content\/uploads\/2026\/05\/WhatsApp-Image-2026-05-02-at-11.08.52-300x225.jpeg 300w, https:\/\/actualizateiguazu.com\/v3\/wp-content\/uploads\/2026\/05\/WhatsApp-Image-2026-05-02-at-11.08.52-768x576.jpeg 768w, https:\/\/actualizateiguazu.com\/v3\/wp-content\/uploads\/2026\/05\/WhatsApp-Image-2026-05-02-at-11.08.52-1536x1152.jpeg 1536w, https:\/\/actualizateiguazu.com\/v3\/wp-content\/uploads\/2026\/05\/WhatsApp-Image-2026-05-02-at-11.08.52-720x540.jpeg 720w, https:\/\/actualizateiguazu.com\/v3\/wp-content\/uploads\/2026\/05\/WhatsApp-Image-2026-05-02-at-11.08.52.jpeg 1600w\" sizes=\"auto, (max-width: 1024px) 100vw, 1024px\" \/><\/figure>\n\n\n\n<p>Al llegar al lugar constataron que dos veh\u00edculos se encontraban totalmente en llamas, mientras que un tercero presentaba un incendio en el habit\u00e1culo. Gracias al r\u00e1pido accionar del personal, los bomberos lograron sofocar el foco \u00edgneo, evitando su propagaci\u00f3n hacia el resto de los rodados en el predio aunque las llamas provocaron da\u00f1os en un 4\u00ba veh\u00edculo.<\/p>\n","protected":false},"excerpt":{"rendered":"<p>Dos veh\u00edculos fueron consumidos en su totalidad, y un tercero registr\u00f3 importantes da\u00f1os. Investigan las<\/p>\n","protected":false},"author":1,"featured_media":62627,"comment_status":"closed","ping_status":"open","sticky":false,"template":"","format":"standard","meta":{"footnotes":""},"categories":[1],"tags":[],"class_list":["post-62626","post","type-post","status-publish","format-standard","has-post-thumbnail","hentry","category-actualidad"],"_links":{"self":[{"href":"https:\/\/actualizateiguazu.com\/v3\/wp-json\/wp\/v2\/posts\/62626","targetHints":{"allow":["GET"]}}],"collection":[{"href":"https:\/\/actualizateiguazu.com\/v3\/wp-json\/wp\/v2\/posts"}],"about":[{"href":"https:\/\/actualizateiguazu.com\/v3\/wp-json\/wp\/v2\/types\/post"}],"author":[{"embeddable":true,"href":"https:\/\/actualizateiguazu.com\/v3\/wp-json\/wp\/v2\/users\/1"}],"replies":[{"embeddable":true,"href":"https:\/\/actualizateiguazu.com\/v3\/wp-json\/wp\/v2\/comments?post=62626"}],"version-history":[{"count":1,"href":"https:\/\/actualizateiguazu.com\/v3\/wp-json\/wp\/v2\/posts\/62626\/revisions"}],"predecessor-version":[{"id":62630,"href":"https:\/\/actualizateiguazu.com\/v3\/wp-json\/wp\/v2\/posts\/62626\/revisions\/62630"}],"wp:featuredmedia":[{"embeddable":true,"href":"https:\/\/actualizateiguazu.com\/v3\/wp-json\/wp\/v2\/media\/62627"}],"wp:attachment":[{"href":"https:\/\/actualizateiguazu.com\/v3\/wp-json\/wp\/v2\/media?parent=62626"}],"wp:term":[{"taxonomy":"category","embeddable":true,"href":"https:\/\/actualizateiguazu.com\/v3\/wp-json\/wp\/v2\/categories?post=62626"},{"taxonomy":"post_tag","embeddable":true,"href":"https:\/\/actualizateiguazu.com\/v3\/wp-json\/wp\/v2\/tags?post=62626"}],"curies":[{"name":"wp","href":"https:\/\/api.w.org\/{rel}","templated":true}]}}