{"id":64022,"date":"2026-08-30T22:08:16","date_gmt":"2026-08-31T01:08:16","guid":{"rendered":"https:\/\/actualizateiguazu.com\/v3\/?p=64022"},"modified":"2026-08-30T22:08:17","modified_gmt":"2026-08-31T01:08:17","slug":"la-dupla-zarza-espinola-termino-7-en-la-rally4-y-se-transformo-en-el-binomio-misionero-con-mayor-presencia-mundialista","status":"publish","type":"post","link":"https:\/\/actualizateiguazu.com\/v3\/2026\/08\/30\/la-dupla-zarza-espinola-termino-7-en-la-rally4-y-se-transformo-en-el-binomio-misionero-con-mayor-presencia-mundialista\/","title":{"rendered":"La dupla Zarza-Espinola termin\u00f3 7\u00b0 en la Rally4 y se transform\u00f3 en el binomio misionero con mayor presencia mundialista"},"content":{"rendered":"\n<p class=\"has-text-align-center wp-block-paragraph\"><strong><em>La dupla del Chara\u00ed Rally Competici\u00f3n integrada por Sergio Zarza-Hugo Espinola (Peugeot 208) termin\u00f3 en la 7\u00b0 posici\u00f3n en la categor\u00eda Rally4 del ueno Rally de Paraguay, prueba v\u00e1lida por la 11\u00b0 fecha del Mundial de Rally, que se disput\u00f3 por los caminos del Departamento de Itap\u00faa en Paraguay.<\/em><\/strong><\/p>\n\n\n\n<p class=\"wp-block-paragraph\"><br>El binomio misionero continu\u00f3 con los problemas en la direcci\u00f3n hidr\u00e1ulica del Peugeot 208 y reci\u00e9n en el \u00faltimo tramo de la prueba se solucion\u00f3 el problema y pudieron acelerar a fondo. Luego de 22 pruebas especiales, la dupla de Puerto Iguaz\u00fa acumul\u00f3 4h36m23s9\/10 y qued\u00f3 en la 7\u00b0 posici\u00f3n de la Rally4. El ganador de la categor\u00eda fue la dupla paraguaya Gabriel Duarte-Luis Quevedo (Peugeot 208 Rally4) con un tiempo de 4h01m27s6\/10.<\/p>\n\n\n\n<p class=\"wp-block-paragraph\">As\u00ed, binomio de Iguaz\u00fa pudo concluir su sexto mundial de rally (5 en Argentina y uno en Paraguay) y se transform\u00f3 en la dupla misionera que m\u00e1s mundiales corri\u00f3, superando a nombres como Hugo Tomas (4), Carlos Malaczuk (3), Juan Mosca (2) y Juan Jambrina (2).<\/p>\n\n\n\n<figure class=\"wp-block-image size-large\"><img loading=\"lazy\" decoding=\"async\" width=\"1024\" height=\"683\" src=\"https:\/\/actualizateiguazu.com\/v3\/wp-content\/uploads\/2026\/08\/WhatsApp-Image-2026-08-29-at-21.22.34-1-1024x683.jpeg\" alt=\"\" class=\"wp-image-64023\" srcset=\"https:\/\/actualizateiguazu.com\/v3\/wp-content\/uploads\/2026\/08\/WhatsApp-Image-2026-08-29-at-21.22.34-1-1024x683.jpeg 1024w, https:\/\/actualizateiguazu.com\/v3\/wp-content\/uploads\/2026\/08\/WhatsApp-Image-2026-08-29-at-21.22.34-1-300x200.jpeg 300w, https:\/\/actualizateiguazu.com\/v3\/wp-content\/uploads\/2026\/08\/WhatsApp-Image-2026-08-29-at-21.22.34-1-768x512.jpeg 768w, https:\/\/actualizateiguazu.com\/v3\/wp-content\/uploads\/2026\/08\/WhatsApp-Image-2026-08-29-at-21.22.34-1.jpeg 1158w\" sizes=\"auto, (max-width: 1024px) 100vw, 1024px\" \/><\/figure>\n\n\n\n<p class=\"wp-block-paragraph\">Zarza coment\u00f3: \u201cla verdad es que es una hermosa sensaci\u00f3n terminar la prueba, reci\u00e9n en la \u00faltima prueba se hablando la direcci\u00f3n. Corrimos el rally m\u00e1s largo del mundo y el m\u00e1s lindo. Ya empezamos a pensar a trabajar para el a\u00f1o que viene, porque en este pa\u00eds se respira rally y seguramente estaremos presente el a\u00f1o que viene buscando la revancha\u201d.<\/p>\n\n\n\n<p class=\"wp-block-paragraph\">\u201cContento por haber terminado, reci\u00e9n en el final se afloj\u00f3 en el final la hidr\u00e1ulica y pudimos acelerar y m\u00e1s all\u00e1 de eso lo pudimos disfrutar y ya pensando en el 2027 para poder volver\u201d, agreg\u00f3 el navegante Hugo Espinola.<\/p>\n\n\n\n<p class=\"wp-block-paragraph\">Los integrantes del Chara\u00ed agradecieron a las familias que nos apoyan siempre y a los sponsor: Jungle Explorer Iguaz\u00fa, S\u00faper Verde, Potschka Autos, Kle\u00f1uk Correa Energ\u00eda Limpia y Sustentable, Sur Repuesto, Municipalidad de Puerto Iguaz\u00fa.<br>El Campeonato Mundial de Rally continuar\u00e1 con el Rally de Chile, que se disputar\u00e1 entre el 10 y el 13 de septiembre en la regi\u00f3n del Biob\u00edo.<\/p>\n\n\n\n<p class=\"wp-block-paragraph\">Mientras que el pr\u00f3ximo desaf\u00edo para la dupla Zarza-Espinola ser\u00e1 el Rally de Ap\u00f3stoles que se disputar\u00e1 del 25, 26 y 27 de septiembre.<\/p>\n","protected":false},"excerpt":{"rendered":"<p>La dupla del Chara\u00ed Rally Competici\u00f3n integrada por Sergio Zarza-Hugo Espinola (Peugeot 208) termin\u00f3 en<\/p>\n","protected":false},"author":1,"featured_media":64024,"comment_status":"closed","ping_status":"open","sticky":false,"template":"","format":"standard","meta":{"footnotes":""},"categories":[1,237],"tags":[],"class_list":["post-64022","post","type-post","status-publish","format-standard","has-post-thumbnail","hentry","category-actualidad","category-ecologia"],"_links":{"self":[{"href":"https:\/\/actualizateiguazu.com\/v3\/wp-json\/wp\/v2\/posts\/64022","targetHints":{"allow":["GET"]}}],"collection":[{"href":"https:\/\/actualizateiguazu.com\/v3\/wp-json\/wp\/v2\/posts"}],"about":[{"href":"https:\/\/actualizateiguazu.com\/v3\/wp-json\/wp\/v2\/types\/post"}],"author":[{"embeddable":true,"href":"https:\/\/actualizateiguazu.com\/v3\/wp-json\/wp\/v2\/users\/1"}],"replies":[{"embeddable":true,"href":"https:\/\/actualizateiguazu.com\/v3\/wp-json\/wp\/v2\/comments?post=64022"}],"version-history":[{"count":1,"href":"https:\/\/actualizateiguazu.com\/v3\/wp-json\/wp\/v2\/posts\/64022\/revisions"}],"predecessor-version":[{"id":64025,"href":"https:\/\/actualizateiguazu.com\/v3\/wp-json\/wp\/v2\/posts\/64022\/revisions\/64025"}],"wp:featuredmedia":[{"embeddable":true,"href":"https:\/\/actualizateiguazu.com\/v3\/wp-json\/wp\/v2\/media\/64024"}],"wp:attachment":[{"href":"https:\/\/actualizateiguazu.com\/v3\/wp-json\/wp\/v2\/media?parent=64022"}],"wp:term":[{"taxonomy":"category","embeddable":true,"href":"https:\/\/actualizateiguazu.com\/v3\/wp-json\/wp\/v2\/categories?post=64022"},{"taxonomy":"post_tag","embeddable":true,"href":"https:\/\/actualizateiguazu.com\/v3\/wp-json\/wp\/v2\/tags?post=64022"}],"curies":[{"name":"wp","href":"https:\/\/api.w.org\/{rel}","templated":true}]}}