{"id":64026,"date":"2026-08-30T23:45:45","date_gmt":"2026-08-31T02:45:45","guid":{"rendered":"https:\/\/actualizateiguazu.com\/v3\/?p=64026"},"modified":"2026-08-30T23:45:45","modified_gmt":"2026-08-31T02:45:45","slug":"vecinos-y-policias-accion-conjunta-permitio-recuperar-una-motocicleta-robada","status":"publish","type":"post","link":"https:\/\/actualizateiguazu.com\/v3\/2026\/08\/30\/vecinos-y-policias-accion-conjunta-permitio-recuperar-una-motocicleta-robada\/","title":{"rendered":"Vecinos y Polic\u00edas: Acci\u00f3n conjunta permiti\u00f3 recuperar una motocicleta robada"},"content":{"rendered":"\n<p class=\"has-text-align-center wp-block-paragraph\"><strong><em>La coordinaci\u00f3n en tiempo real entre el grupo vecinal, el servicio de emergencias y las unidades policiales permiti\u00f3 recuperar una motocicleta que hab\u00eda sido robada horas antes.<\/em><\/strong><\/p>\n\n\n\n<p class=\"wp-block-paragraph\">El procedimiento tuvo lugar este domingo por la noche sobre Calle Mora de esta ciudad, efectivos policiales acudieron al requerimiento de un vecino quien alertaba a trav\u00e9s de la l\u00ednea de emergencias haber visto a un desconocido empujando una motocicleta evidenciando provenir de un il\u00edcito.<\/p>\n\n\n\n<p class=\"wp-block-paragraph\">Arribada la comisi\u00f3n al lugar procedi\u00f3 al secuestro de una motocicleta marca keller de 110 c c. Color rojo que a trav\u00e9s de las codificaciones del cuadro se estableci\u00f3 que el rodado fue denunciado como sustra\u00eddo alrededor de las 19.00 horas de este domingo cuando se hallaba estacionado sobre calle Guatamb\u00fa de esta ciudad en perjuicio Camila F. De 22 a\u00f1os, cabe aclarar que este procedimiento vuelve a poner en primer plano la importancia de la tecnolog\u00eda y el trabajo conjunto con los vecinos para acelerar la respuesta policial.<\/p>\n\n\n\n<p class=\"wp-block-paragraph\">La moto qued\u00f3 depositada en la comisar\u00eda jurisdiccional y luego de los tr\u00e1mites ser\u00e1 restituida a su damnificada.&nbsp; La investigaci\u00f3n contin\u00faa a fin de hallar al autor del il\u00edcito.<\/p>\n","protected":false},"excerpt":{"rendered":"<p>La coordinaci\u00f3n en tiempo real entre el grupo vecinal, el servicio de emergencias y las<\/p>\n","protected":false},"author":1,"featured_media":64027,"comment_status":"closed","ping_status":"open","sticky":false,"template":"","format":"standard","meta":{"footnotes":""},"categories":[1,226,228],"tags":[],"class_list":["post-64026","post","type-post","status-publish","format-standard","has-post-thumbnail","hentry","category-actualidad","category-locales","category-policiales"],"_links":{"self":[{"href":"https:\/\/actualizateiguazu.com\/v3\/wp-json\/wp\/v2\/posts\/64026","targetHints":{"allow":["GET"]}}],"collection":[{"href":"https:\/\/actualizateiguazu.com\/v3\/wp-json\/wp\/v2\/posts"}],"about":[{"href":"https:\/\/actualizateiguazu.com\/v3\/wp-json\/wp\/v2\/types\/post"}],"author":[{"embeddable":true,"href":"https:\/\/actualizateiguazu.com\/v3\/wp-json\/wp\/v2\/users\/1"}],"replies":[{"embeddable":true,"href":"https:\/\/actualizateiguazu.com\/v3\/wp-json\/wp\/v2\/comments?post=64026"}],"version-history":[{"count":1,"href":"https:\/\/actualizateiguazu.com\/v3\/wp-json\/wp\/v2\/posts\/64026\/revisions"}],"predecessor-version":[{"id":64028,"href":"https:\/\/actualizateiguazu.com\/v3\/wp-json\/wp\/v2\/posts\/64026\/revisions\/64028"}],"wp:featuredmedia":[{"embeddable":true,"href":"https:\/\/actualizateiguazu.com\/v3\/wp-json\/wp\/v2\/media\/64027"}],"wp:attachment":[{"href":"https:\/\/actualizateiguazu.com\/v3\/wp-json\/wp\/v2\/media?parent=64026"}],"wp:term":[{"taxonomy":"category","embeddable":true,"href":"https:\/\/actualizateiguazu.com\/v3\/wp-json\/wp\/v2\/categories?post=64026"},{"taxonomy":"post_tag","embeddable":true,"href":"https:\/\/actualizateiguazu.com\/v3\/wp-json\/wp\/v2\/tags?post=64026"}],"curies":[{"name":"wp","href":"https:\/\/api.w.org\/{rel}","templated":true}]}}