{"id":64029,"date":"2026-08-31T00:26:32","date_gmt":"2026-08-31T03:26:32","guid":{"rendered":"https:\/\/actualizateiguazu.com\/v3\/?p=64029"},"modified":"2026-08-31T00:28:52","modified_gmt":"2026-08-31T03:28:52","slug":"brindaran-capacitaciones-sobre-vinos-a-beneficio-de-un-merendero","status":"publish","type":"post","link":"https:\/\/actualizateiguazu.com\/v3\/2026\/08\/31\/brindaran-capacitaciones-sobre-vinos-a-beneficio-de-un-merendero\/","title":{"rendered":"Brindar\u00e1n capacitaciones sobre vinos a beneficio de un merendero"},"content":{"rendered":"\n<p class=\"has-text-align-center wp-block-paragraph\"><strong><em>En el marco de una nueva edici\u00f3n de la feria del vino, dictar\u00e1n capacitaciones gratuitas a cambio de un alimento no perecedero.<\/em><\/strong><\/p>\n\n\n\n<p class=\"wp-block-paragraph\">Esta semana se llevar\u00e1 a cabo una nueva edici\u00f3n de la feria del vino impulsada por una vinoteca de Puerto Iguaz\u00fa. Este a\u00f1o, en su 10\u00ba edici\u00f3n buscan dejar huella con acciones concretas que no solamente capaciten a la comunidad gastron\u00f3mica, sino que llevar\u00e1n adelante una acci\u00f3n solidaria. Dictar\u00e1n 3 capacitaciones gratuitas a cambio de alimentos no perecederos que aportar\u00e1n los participantes.<\/p>\n\n\n\n<p class=\"wp-block-paragraph\">El pasado jueves se present\u00f3 la 10 edici\u00f3n de la feria del vino en Puerto Iguaz\u00fa, y con ello &nbsp;dieron a conocer la iniciativa desarrollada en articulaci\u00f3n con Asociaci\u00f3n Hotelera gastron\u00f3mica Afines de Iguaz\u00fa (AHGAI) con acciones vinculadas a la gastronom\u00eda, la capacitaci\u00f3n y la actividad tur\u00edstica local con una arista solidaria que beneficia a los que menos tienen.<\/p>\n\n\n\n<p class=\"wp-block-paragraph\">Se trata de una serie de Capacitaciones relacionadas a vinos espumantes, aceites de oliva y vinos en general. Todas las personas que quieran participar deben inscribirse al 3757-551890 y presentarse con un alimento no perecedero, que ser\u00e1 donado al Comedor \u201cManos Abiertas\u201d de la Cooperativa de Recuperadores Urbanos \u201cMundo Reciclado\u201d .<\/p>\n\n\n\n<p class=\"wp-block-paragraph\"><strong>Capacitaciones<\/strong><\/p>\n\n\n\n<p class=\"wp-block-paragraph\">1 al 3 de septiembre<\/p>\n\n\n\n<p class=\"wp-block-paragraph\">Martes 1\/09: Espumantes. Ser\u00e1 conducida por Diego Ram\u00edrez, Brand Ambassador de Bodega Freixenet de 9:30 a 11 hs. Sede AHGAI &#8211; Los Cedros 287<\/p>\n\n\n\n<p class=\"wp-block-paragraph\">Mi\u00e9rcoles 02\/09: Olivas y aceites de oliva. A cargo de Gabriel Guardia, referente \u0423 especialista en el \u00e1rea de olivicultura y aceites de oliva de 9:30 a 11 hs. Sede AHGAI &#8211; Los Cedros 287<\/p>\n\n\n\n<p class=\"wp-block-paragraph\">Jueves 03\/09: Vinos. Conducida por la Sommelier Natalia Su\u00e1rez de 9:30 a 11 hs. Sede AHGAI &#8211; Los Cedros 287<\/p>\n\n\n\n<p class=\"wp-block-paragraph\">Evento Gratuito &#8211; Traer 1 alimento no perecedero<\/p>\n\n\n\n<p class=\"wp-block-paragraph\">INSCRIPCIONES al 3757-551890<\/p>\n","protected":false},"excerpt":{"rendered":"<p>En el marco de una nueva edici\u00f3n de la feria del vino, dictar\u00e1n capacitaciones gratuitas<\/p>\n","protected":false},"author":1,"featured_media":64030,"comment_status":"closed","ping_status":"open","sticky":false,"template":"","format":"standard","meta":{"footnotes":""},"categories":[1,226],"tags":[],"class_list":["post-64029","post","type-post","status-publish","format-standard","has-post-thumbnail","hentry","category-actualidad","category-locales"],"_links":{"self":[{"href":"https:\/\/actualizateiguazu.com\/v3\/wp-json\/wp\/v2\/posts\/64029","targetHints":{"allow":["GET"]}}],"collection":[{"href":"https:\/\/actualizateiguazu.com\/v3\/wp-json\/wp\/v2\/posts"}],"about":[{"href":"https:\/\/actualizateiguazu.com\/v3\/wp-json\/wp\/v2\/types\/post"}],"author":[{"embeddable":true,"href":"https:\/\/actualizateiguazu.com\/v3\/wp-json\/wp\/v2\/users\/1"}],"replies":[{"embeddable":true,"href":"https:\/\/actualizateiguazu.com\/v3\/wp-json\/wp\/v2\/comments?post=64029"}],"version-history":[{"count":2,"href":"https:\/\/actualizateiguazu.com\/v3\/wp-json\/wp\/v2\/posts\/64029\/revisions"}],"predecessor-version":[{"id":64032,"href":"https:\/\/actualizateiguazu.com\/v3\/wp-json\/wp\/v2\/posts\/64029\/revisions\/64032"}],"wp:featuredmedia":[{"embeddable":true,"href":"https:\/\/actualizateiguazu.com\/v3\/wp-json\/wp\/v2\/media\/64030"}],"wp:attachment":[{"href":"https:\/\/actualizateiguazu.com\/v3\/wp-json\/wp\/v2\/media?parent=64029"}],"wp:term":[{"taxonomy":"category","embeddable":true,"href":"https:\/\/actualizateiguazu.com\/v3\/wp-json\/wp\/v2\/categories?post=64029"},{"taxonomy":"post_tag","embeddable":true,"href":"https:\/\/actualizateiguazu.com\/v3\/wp-json\/wp\/v2\/tags?post=64029"}],"curies":[{"name":"wp","href":"https:\/\/api.w.org\/{rel}","templated":true}]}}