{"id":64038,"date":"2026-08-31T21:55:03","date_gmt":"2026-09-01T00:55:03","guid":{"rendered":"https:\/\/actualizateiguazu.com\/v3\/?p=64038"},"modified":"2026-08-31T21:55:04","modified_gmt":"2026-09-01T00:55:04","slug":"habilitaran-el-transito-de-vehiculos-livianos-en-el-puente-de-la-integracion","status":"publish","type":"post","link":"https:\/\/actualizateiguazu.com\/v3\/2026\/08\/31\/habilitaran-el-transito-de-vehiculos-livianos-en-el-puente-de-la-integracion\/","title":{"rendered":"Habilitar\u00e1n el tr\u00e1nsito de veh\u00edculos livianos en el puente de la Integraci\u00f3n"},"content":{"rendered":"\n<p class=\"has-text-align-center wp-block-paragraph\"><em><strong>Comisi\u00f3n Mixta Paraguayo-Brasile\u00f1a del Segundo Puente Internacional sobre El R\u00edo Paran\u00e1, entre las Ciudades de Presidente Franco y Foz De Iguaz\u00fa, Puente De La Integraci\u00f3n, habilitar\u00e1 el transito liviano desde el 14 de septiembre.<\/strong><\/em><\/p>\n\n\n\n<p class=\"wp-block-paragraph\">A trav\u00e9s de un comunicado emitido por el Gobierno Paraguayo de parte del Ministerio de relaciones exteriores dieron a conocer que habilitar\u00e1n el tr\u00e1nsito liviano en el Puente de la Integraci\u00f3n desde el 14 de septiembre. Sin embrago la habilitaci\u00f3n de tr\u00e1nsito liviano est\u00e1 limitada solamente a ciudadanos paraguayos residentes de Alto Parana y moradores brasile\u00f1os del estado de Paran\u00e1. Los argentinos deber\u00e1n esperar una nueva etapa para utilizar el viaducto.<\/p>\n\n\n\n<p class=\"wp-block-paragraph\">El comunicado indica que las autoridades de la Comisi\u00f3n Mixta actualizar\u00e1n el cronograma de funcionamiento del Puente de la Integraci\u00f3n, entre las ciudades de Presidente Franco y Foz de Iguaz\u00fa, en principio ampliar\u00e1n el horario para el cruce de camiones de gran porte en lastre por el Puente de la Integraci\u00f3n, que pasar\u00e1 a ser de 18:00 a 5:00 horas.<\/p>\n\n\n\n<p class=\"wp-block-paragraph\">Asimismo, habilitaci\u00f3n del tr\u00e1nsito de veh\u00edculos livianos (autom\u00f3viles particulares) por el Puente de la Integraci\u00f3n que ser\u00e1 de 7:00 a 13:00 horas, para ciudadanos residentes en las localidades de Ciudad del Este, Presidente Franco y Hernandarias, Departamento de Alto Parana y Foz de Iguaz\u00fa, Estado de Parana, mediante la presentaci\u00f3n del Documento de Tr\u00e1nsito Vecinal Fronterizo y dem\u00e1s requisitos previstos en el Acuerdo sobre Localidades Fronterizas Vinculadas del Mercosur.<\/p>\n\n\n\n<p class=\"wp-block-paragraph\">El comunicado resalta que \u201cno estar\u00e1 habilitado el despacho de mercader\u00edas por el paso fronterizo del Puente de la Integraci\u00f3n, limit\u00e1ndose \u00fanicamente a las mercader\u00edas consideradas de subsistencia por el Acuerdo\u201d<\/p>\n\n\n\n<p class=\"wp-block-paragraph\">La Comisi\u00f3n Mixta explico que se mantienen vigentes sin modificaciones la operatoria actual de transporte de cargas menores de ingreso y salida en lastre exclusivamente por el Puente de la Integraci\u00f3n, de 7:00 a 19:00 horas, y retorno con carga por el Puente de la Amistad.<\/p>\n\n\n\n<p class=\"wp-block-paragraph\">Respecto al transporte de Pasajeros Urbano Internacional (l\u00ednea Presidente Franco\/Foz de Iguaz\u00fa) en modalidad vecinal, salida y retorno opcionalmente por el Puente de la Integraci\u00f3n, de 7:00 a 19:00 horas, mediante la presentaci\u00f3n del Documento de Tr\u00e1nsito Vecinal Fronterizo, previsto en el Art. II del Acuerdo sobre Localidades Fronterizas Vinculadas del Mercosur.<\/p>\n\n\n\n<p class=\"wp-block-paragraph\">El transporte de Pasajeros de Servicio en Circuito Cerrado que no tengan como destino final Ciudad del Este y Foz de Iguaz\u00fa: tr\u00e1nsito exclusivamente por el Puente de la Integraci\u00f3n, las 24 horas del d\u00eda y el transporte de Pasajeros de L\u00edneas Regulares Internacionales: tr\u00e1nsito exclusivamente por el Puente de la Integraci\u00f3n, las 24 horas del d\u00eda.<\/p>\n","protected":false},"excerpt":{"rendered":"<p>Comisi\u00f3n Mixta Paraguayo-Brasile\u00f1a del Segundo Puente Internacional sobre El R\u00edo Paran\u00e1, entre las Ciudades de<\/p>\n","protected":false},"author":1,"featured_media":64039,"comment_status":"closed","ping_status":"open","sticky":false,"template":"","format":"standard","meta":{"footnotes":""},"categories":[1,226,233],"tags":[],"class_list":["post-64038","post","type-post","status-publish","format-standard","has-post-thumbnail","hentry","category-actualidad","category-locales","category-triple-frontera"],"_links":{"self":[{"href":"https:\/\/actualizateiguazu.com\/v3\/wp-json\/wp\/v2\/posts\/64038","targetHints":{"allow":["GET"]}}],"collection":[{"href":"https:\/\/actualizateiguazu.com\/v3\/wp-json\/wp\/v2\/posts"}],"about":[{"href":"https:\/\/actualizateiguazu.com\/v3\/wp-json\/wp\/v2\/types\/post"}],"author":[{"embeddable":true,"href":"https:\/\/actualizateiguazu.com\/v3\/wp-json\/wp\/v2\/users\/1"}],"replies":[{"embeddable":true,"href":"https:\/\/actualizateiguazu.com\/v3\/wp-json\/wp\/v2\/comments?post=64038"}],"version-history":[{"count":1,"href":"https:\/\/actualizateiguazu.com\/v3\/wp-json\/wp\/v2\/posts\/64038\/revisions"}],"predecessor-version":[{"id":64040,"href":"https:\/\/actualizateiguazu.com\/v3\/wp-json\/wp\/v2\/posts\/64038\/revisions\/64040"}],"wp:featuredmedia":[{"embeddable":true,"href":"https:\/\/actualizateiguazu.com\/v3\/wp-json\/wp\/v2\/media\/64039"}],"wp:attachment":[{"href":"https:\/\/actualizateiguazu.com\/v3\/wp-json\/wp\/v2\/media?parent=64038"}],"wp:term":[{"taxonomy":"category","embeddable":true,"href":"https:\/\/actualizateiguazu.com\/v3\/wp-json\/wp\/v2\/categories?post=64038"},{"taxonomy":"post_tag","embeddable":true,"href":"https:\/\/actualizateiguazu.com\/v3\/wp-json\/wp\/v2\/tags?post=64038"}],"curies":[{"name":"wp","href":"https:\/\/api.w.org\/{rel}","templated":true}]}}