{"id":64056,"date":"2026-09-01T19:51:16","date_gmt":"2026-09-01T22:51:16","guid":{"rendered":"https:\/\/actualizateiguazu.com\/v3\/?p=64056"},"modified":"2026-09-01T19:51:16","modified_gmt":"2026-09-01T22:51:16","slug":"entregaron-alevines-la-comunidad-de-la-aldea-yryapu-de-puerto-iguazu","status":"publish","type":"post","link":"https:\/\/actualizateiguazu.com\/v3\/2026\/09\/01\/entregaron-alevines-la-comunidad-de-la-aldea-yryapu-de-puerto-iguazu\/","title":{"rendered":"Entregaron alevines la comunidad de la aldea Yryap\u00fa de Puerto Iguaz\u00fa"},"content":{"rendered":"\n<p class=\"has-text-align-center wp-block-paragraph\"><strong><em>Ecolog\u00eda entreg\u00f3 alevines en el marco del programa \u201cCriar Para Conservar\u201d acompa\u00f1ando las iniciativas de producci\u00f3n sustentable de la comunidad.<\/em><\/strong><\/p>\n\n\n\n<p class=\"wp-block-paragraph\">El Ministerio de Ecolog\u00eda y Recursos Naturales Renovables de Misiones realiz\u00f3 una nueva entrega de alevines en el marco del programa \u201cCriar Para Conservar\u201d, destinados a la aldea Yryap\u00fa, de las 600 Hect\u00e1reas de Puerto Iguaz\u00fa, con el objetivo de acompa\u00f1ar iniciativas de producci\u00f3n sustentable y fortalecer la conservaci\u00f3n de los recursos naturales.<\/p>\n\n\n\n<p class=\"wp-block-paragraph\">En este marco, el cacique de la comunidad Yryap\u00fa, Javier Gonz\u00e1lez, destac\u00f3 la importancia de esta iniciativa para las familias y, especialmente, para las nuevas generaciones. \u201cEstamos muy contentos y agradecidos. Hoy tuvimos la oportunidad de contar con pac\u00fa en los tajamares de la comunidad, algo que siempre dese\u00e1bamos tener\u201d, expres\u00f3.<\/p>\n\n\n\n<p class=\"wp-block-paragraph\">En ese sentido, se\u00f1al\u00f3 que el proyecto representa una oportunidad para aprender sobre piscicultura y fortalecer el cuidado de los peces: \u201cNo tenemos experiencia todav\u00eda, pero hoy ya tuvimos una oportunidad de aprender c\u00f3mo se tienen que manejar, alimentar y cuidar para que puedan desarrollarse en buenas condiciones. Eso es muy importante para nosotros y para el futuro de nuestros chicos\u201d.<\/p>\n\n\n\n<p class=\"wp-block-paragraph\">Por su parte, la directora de Investigaci\u00f3n del IMiBio, licenciada en Ciencias Biol\u00f3gicas Cecilia Miranda, explic\u00f3 que la iniciativa busca promover la producci\u00f3n de especies nativas y generar nuevas experiencias de aprendizaje junto a la comunidad. \u201cEn conjunto con el Ministerio de Ecolog\u00eda realizamos una siembra de alevines de pac\u00fa, promoviendo la producci\u00f3n de especies nativas, el fomento a la ictiolog\u00eda provincial y tambi\u00e9n el trabajo de ciencia ciudadana junto con los chicos de la aldea\u201d, se\u00f1al\u00f3.<\/p>\n\n\n\n<p class=\"wp-block-paragraph\">Finalmente, el subsecretario de Ecolog\u00eda, Facundo Ringa, destac\u00f3 el alcance provincial del programa Criar para Conservar. \u201cEste a\u00f1o ya llevamos m\u00e1s de 9.000 alevines y juveniles entregados a distintos productores de la provincia para sus estanques. En esta oportunidad llegamos a la comunidad Yryap\u00fa, donde entregamos juveniles de pac\u00fa provenientes de la Estaci\u00f3n de Piscicultura del Parque Ecol\u00f3gico El Puma\u201d, explic\u00f3. Adem\u00e1s, se\u00f1al\u00f3 que el objetivo es dar continuidad al v\u00ednculo con la comunidad para futuras reproducciones y entregas, promoviendo la producci\u00f3n para autoconsumo.<\/p>\n\n\n\n<p class=\"wp-block-paragraph\">La actividad cont\u00f3 con la presencia del ministro de Ecolog\u00eda, Mart\u00edn Recam\u00e1n; el subsecretario de Ecolog\u00eda, Facundo Ringa; el subsecretario de Ordenamiento Territorio y el director ejecutivo del IMiBio, Emanuel Grassi, entre otros.<\/p>\n\n\n\n<p class=\"wp-block-paragraph\">El programa \u201cCriar Para Conservar\u201d que impulsa el Ministerio de Ecolog\u00eda promueve la producci\u00f3n de peces como una alternativa sustentable, generando herramientas para las comunidades y productores, al mismo tiempo que contribuye al cuidado de los ecosistemas misioneros. Los ejemplares son criados en las piletas del Parque Ecol\u00f3gico El Puma.<\/p>\n","protected":false},"excerpt":{"rendered":"<p>Ecolog\u00eda entreg\u00f3 alevines en el marco del programa \u201cCriar Para Conservar\u201d acompa\u00f1ando las iniciativas de<\/p>\n","protected":false},"author":1,"featured_media":64058,"comment_status":"closed","ping_status":"open","sticky":false,"template":"","format":"standard","meta":{"footnotes":""},"categories":[1,226],"tags":[],"class_list":["post-64056","post","type-post","status-publish","format-standard","has-post-thumbnail","hentry","category-actualidad","category-locales"],"_links":{"self":[{"href":"https:\/\/actualizateiguazu.com\/v3\/wp-json\/wp\/v2\/posts\/64056","targetHints":{"allow":["GET"]}}],"collection":[{"href":"https:\/\/actualizateiguazu.com\/v3\/wp-json\/wp\/v2\/posts"}],"about":[{"href":"https:\/\/actualizateiguazu.com\/v3\/wp-json\/wp\/v2\/types\/post"}],"author":[{"embeddable":true,"href":"https:\/\/actualizateiguazu.com\/v3\/wp-json\/wp\/v2\/users\/1"}],"replies":[{"embeddable":true,"href":"https:\/\/actualizateiguazu.com\/v3\/wp-json\/wp\/v2\/comments?post=64056"}],"version-history":[{"count":1,"href":"https:\/\/actualizateiguazu.com\/v3\/wp-json\/wp\/v2\/posts\/64056\/revisions"}],"predecessor-version":[{"id":64059,"href":"https:\/\/actualizateiguazu.com\/v3\/wp-json\/wp\/v2\/posts\/64056\/revisions\/64059"}],"wp:featuredmedia":[{"embeddable":true,"href":"https:\/\/actualizateiguazu.com\/v3\/wp-json\/wp\/v2\/media\/64058"}],"wp:attachment":[{"href":"https:\/\/actualizateiguazu.com\/v3\/wp-json\/wp\/v2\/media?parent=64056"}],"wp:term":[{"taxonomy":"category","embeddable":true,"href":"https:\/\/actualizateiguazu.com\/v3\/wp-json\/wp\/v2\/categories?post=64056"},{"taxonomy":"post_tag","embeddable":true,"href":"https:\/\/actualizateiguazu.com\/v3\/wp-json\/wp\/v2\/tags?post=64056"}],"curies":[{"name":"wp","href":"https:\/\/api.w.org\/{rel}","templated":true}]}}