{"id":64073,"date":"2026-09-02T19:12:20","date_gmt":"2026-09-02T22:12:20","guid":{"rendered":"https:\/\/actualizateiguazu.com\/v3\/?p=64073"},"modified":"2026-09-02T19:12:21","modified_gmt":"2026-09-02T22:12:21","slug":"policias-apartados-sufri-varias-lesiones-en-la-guardia-por-culpa-de-ellos","status":"publish","type":"post","link":"https:\/\/actualizateiguazu.com\/v3\/2026\/09\/02\/policias-apartados-sufri-varias-lesiones-en-la-guardia-por-culpa-de-ellos\/","title":{"rendered":"Polic\u00edas Apartados: \u201cSufr\u00ed varias lesiones en la guardia por culpa de ellos\u201d"},"content":{"rendered":"\n<p class=\"has-text-align-center wp-block-paragraph\"><strong><em>Luego de conocerse el apartamiento y la investigaci\u00f3n interna contra dos suboficiales de la Polic\u00eda de Misiones por presuntas irregularidades durante guardias en la secci\u00f3n de Resguardo de Detenidos de la UR-V se conoci\u00f3 el relato de un joven que estuvo detenido en la dependencia y que da fe de las irregularidades denunciadas.<\/em><\/strong><\/p>\n\n\n\n<p class=\"wp-block-paragraph\">Luego de conocerse este mi\u00e9rcoles el apartamiento y la investigaci\u00f3n interna contra dos suboficiales de la Polic\u00eda de Misiones por presuntas irregularidades durante guardias en la secci\u00f3n de Resguardo de Detenidos de la Unidad Regional V de Puerto Iguaz\u00fa, se conocieron m\u00e1s detalles en torno a las conductas advertidas por la Jefatura de la fuerza. Incluso, un joven que estuvo detenido en su momento en dicho sector narr\u00f3 distintas irregularidades que se daban con frecuencia y que involucraban desde el ingreso de estupefacientes, como tambi\u00e9n de tel\u00e9fonos celulares.<\/p>\n\n\n\n<p class=\"wp-block-paragraph\">Durante una comunicaci\u00f3n que mantuvo con este medio, esta fuente \u2013 quien se preserva la identidad por cuestiones seguridad- narr\u00f3 su experiencia en la secci\u00f3n de Resguardo de Detenidos de la Unidad Regional V de Puerto Iguaz\u00fa. Al respecto, sostuvo: \u201cMe da cierta inseguridad hablar sobre eso, pero yo viv\u00ed lo que fue estar preso en la guardia de esos dos exoficiales. Igualmente, no son los \u00fanicos que est\u00e1n en la parte de los procesados. Todav\u00eda me acuerdo los precios que pon\u00edan ellos a diversas cosas para ingresar. Se pagaban por semana para tener celular, dependiendo la cantidad de droga que quer\u00edas hacer entrar, algunos te cobraban la mitad del precio que val\u00eda cierta sustancia\u201d.<\/p>\n\n\n\n<p class=\"wp-block-paragraph\">Por otro lado, el testigo relat\u00f3 episodios de apremios que sufrieron varios detenidos dentro de la citada dependencia y del cual \u00e9l presenci\u00f3 durante su breve estad\u00eda dentro de la dependencia.<\/p>\n\n\n\n<p class=\"wp-block-paragraph\">\u201cYo tambi\u00e9n sufr\u00ed varias lesiones en la guaria por culpa de ellos, la saqu\u00e9 barata, llegu\u00e9 a ver a un hombre que lleg\u00f3 por robar a un oficial. Veinte minutos de gritos y pi\u00f1as solo se escuchaban en la guardia. Estuvo tres d\u00edas tirado en la celda, pegada al ba\u00f1o donde la c\u00e1mara no llega\u201d, agreg\u00f3 el portavoz sobre los padecimientos que le tocaron sufrir.<\/p>\n\n\n\n<p class=\"wp-block-paragraph\">Cabe recordar que en el marco de la pol\u00edtica de tolerancia cero ante cualquier conducta que se aparte de la ley y de los deberes de la funci\u00f3n policial, la Jefatura de Polic\u00eda de Misiones dispuso de inmediato una investigaci\u00f3n interna luego de que la Unidad Regional V detectara e informara presuntas irregularidades que involucrar\u00edan a personal policial en Puerto Iguaz\u00fa.<\/p>\n\n\n\n<p class=\"wp-block-paragraph\">Los hechos investigados habr\u00edan ocurrido en la secci\u00f3n de Resguardo de Detenidos de esa Unidad Regional. A partir de los elementos reunidos por la Direcci\u00f3n de Asuntos Internos y puestos en conocimiento de la Justicia, este mi\u00e9rcoles fueron detenidos dos suboficiales, quienes adem\u00e1s fueron inmediatamente apartados de la instituci\u00f3n.<\/p>\n\n\n\n<p class=\"wp-block-paragraph\">La investigaci\u00f3n se origin\u00f3 a partir de la denuncia formulada por un hombre que se encontraba detenido y que hab\u00eda permanecido alojado en ese sector. En su presentaci\u00f3n manifest\u00f3 que habr\u00eda sufrido malos tratos y expuso una serie de presuntas irregularidades relacionadas con el funcionamiento interno del lugar.<\/p>\n\n\n\n<p class=\"wp-block-paragraph\">Ante lo denunciado, la Jefatura dispuso la apertura de actuaciones con intervenci\u00f3n de la Direcci\u00f3n de Asuntos Internos, que avanz\u00f3 con distintas diligencias destinadas a verificar los hechos y establecer eventuales responsabilidades.<\/p>\n\n\n\n<p class=\"wp-block-paragraph\">En ese marco, se reunieron elementos de inter\u00e9s que fueron puestos en conocimiento del Juzgado de Instrucci\u00f3n N.\u00ba 3 de Puerto Iguaz\u00fa. Paralelamente, la instituci\u00f3n inici\u00f3 las correspondientes actuaciones administrativas respecto del personal involucrado.<\/p>\n\n\n\n<p class=\"wp-block-paragraph\">A partir de las evidencias incorporadas, la Justicia orden\u00f3 allanamientos, secuestros y detenciones dentro de una causa en la que se investigan presuntos hechos de extorsi\u00f3n, exacciones ilegales, cohecho pasivo, apremios ilegales, vejaciones y encubrimiento.<\/p>\n\n\n\n<p class=\"wp-block-paragraph\">As\u00ed, alrededor de las 7 horas de este mi\u00e9rcoles, se cumplimentaron las medidas judiciales y fueron detenidos el sargento Rafael A., quien prestaba servicios en la Comisar\u00eda Segunda, y el agente Rodrigo A., perteneciente al Comando Radioel\u00e9ctrico de Iguaz\u00fa. Adem\u00e1s, fueron secuestrados los tel\u00e9fonos celulares de ambos para ser incorporados a la investigaci\u00f3n<\/p>\n","protected":false},"excerpt":{"rendered":"<p>Luego de conocerse el apartamiento y la investigaci\u00f3n interna contra dos suboficiales de la Polic\u00eda<\/p>\n","protected":false},"author":1,"featured_media":64075,"comment_status":"closed","ping_status":"open","sticky":false,"template":"","format":"standard","meta":{"footnotes":""},"categories":[1,226],"tags":[],"class_list":["post-64073","post","type-post","status-publish","format-standard","has-post-thumbnail","hentry","category-actualidad","category-locales"],"_links":{"self":[{"href":"https:\/\/actualizateiguazu.com\/v3\/wp-json\/wp\/v2\/posts\/64073","targetHints":{"allow":["GET"]}}],"collection":[{"href":"https:\/\/actualizateiguazu.com\/v3\/wp-json\/wp\/v2\/posts"}],"about":[{"href":"https:\/\/actualizateiguazu.com\/v3\/wp-json\/wp\/v2\/types\/post"}],"author":[{"embeddable":true,"href":"https:\/\/actualizateiguazu.com\/v3\/wp-json\/wp\/v2\/users\/1"}],"replies":[{"embeddable":true,"href":"https:\/\/actualizateiguazu.com\/v3\/wp-json\/wp\/v2\/comments?post=64073"}],"version-history":[{"count":1,"href":"https:\/\/actualizateiguazu.com\/v3\/wp-json\/wp\/v2\/posts\/64073\/revisions"}],"predecessor-version":[{"id":64076,"href":"https:\/\/actualizateiguazu.com\/v3\/wp-json\/wp\/v2\/posts\/64073\/revisions\/64076"}],"wp:featuredmedia":[{"embeddable":true,"href":"https:\/\/actualizateiguazu.com\/v3\/wp-json\/wp\/v2\/media\/64075"}],"wp:attachment":[{"href":"https:\/\/actualizateiguazu.com\/v3\/wp-json\/wp\/v2\/media?parent=64073"}],"wp:term":[{"taxonomy":"category","embeddable":true,"href":"https:\/\/actualizateiguazu.com\/v3\/wp-json\/wp\/v2\/categories?post=64073"},{"taxonomy":"post_tag","embeddable":true,"href":"https:\/\/actualizateiguazu.com\/v3\/wp-json\/wp\/v2\/tags?post=64073"}],"curies":[{"name":"wp","href":"https:\/\/api.w.org\/{rel}","templated":true}]}}